{"id":34866,"date":"2025-11-04T13:17:08","date_gmt":"2025-11-04T13:17:08","guid":{"rendered":"https:\/\/www.europesays.com\/ee\/34866\/"},"modified":"2025-11-04T13:17:08","modified_gmt":"2025-11-04T13:17:08","slug":"parnu-sportlane-voitis-kaesurumise-maailmameistrivoistlustelt-mitu-medalit","status":"publish","type":"post","link":"https:\/\/www.europesays.com\/ee\/34866\/","title":{"rendered":"P\u00e4rnu sportlane v\u00f5itis k\u00e4esurumise maailmameistriv\u00f5istlustelt mitu medalit"},"content":{"rendered":"<p>P\u00e4rnu naine esines edukalt Aserbaid\u017eaani pealinnas Bakuus k\u00e4esurumise maailmameistriv\u00f5istlustel, tuues Eestile mitu medalit.<\/p>\n<p>Eestit esindas maailmameistriv\u00f5istlustel k\u00e4esurumisega esimest korda 2023. aasta suvel kokku puutunud p\u00e4rnulanna Janika Lillemets P\u00e4rnu Armwrestling Clubist, kes v\u00f5istles kahes kategoorias ja v\u00f5itis medaleid neist m\u00f5lemas.<\/p>\n","protected":false},"excerpt":{"rendered":"P\u00e4rnu naine esines edukalt Aserbaid\u017eaani pealinnas Bakuus k\u00e4esurumise maailmameistriv\u00f5istlustel, tuues Eestile mitu medalit. Eestit esindas maailmameistriv\u00f5istlustel k\u00e4esurumisega esimest&hellip;\n","protected":false},"author":2,"featured_media":34867,"comment_status":"","ping_status":"","sticky":false,"template":"","format":"standard","meta":{"footnotes":"","_share_on_mastodon":"0"},"categories":[18],"tags":[6648,37,33,35,34,36,17916,17915,8597,17918,17917,159,158],"class_list":["post-34866","post","type-post","status-publish","format-standard","has-post-thumbnail","category-sport","tag-aserbaidzaan","tag-ee","tag-eesti","tag-eesti-keel","tag-estonia","tag-estonian","tag-janika-lillemets","tag-kaesurumine","tag-maailmameistrivoistlused","tag-medalid","tag-parnu-armwrestling-club","tag-sport","tag-sports"],"share_on_mastodon":{"url":"https:\/\/pubeurope.com\/@ee\/115491624923345789","error":""},"_links":{"self":[{"href":"https:\/\/www.europesays.com\/ee\/wp-json\/wp\/v2\/posts\/34866","targetHints":{"allow":["GET"]}}],"collection":[{"href":"https:\/\/www.europesays.com\/ee\/wp-json\/wp\/v2\/posts"}],"about":[{"href":"https:\/\/www.europesays.com\/ee\/wp-json\/wp\/v2\/types\/post"}],"author":[{"embeddable":true,"href":"https:\/\/www.europesays.com\/ee\/wp-json\/wp\/v2\/users\/2"}],"replies":[{"embeddable":true,"href":"https:\/\/www.europesays.com\/ee\/wp-json\/wp\/v2\/comments?post=34866"}],"version-history":[{"count":0,"href":"https:\/\/www.europesays.com\/ee\/wp-json\/wp\/v2\/posts\/34866\/revisions"}],"wp:featuredmedia":[{"embeddable":true,"href":"https:\/\/www.europesays.com\/ee\/wp-json\/wp\/v2\/media\/34867"}],"wp:attachment":[{"href":"https:\/\/www.europesays.com\/ee\/wp-json\/wp\/v2\/media?parent=34866"}],"wp:term":[{"taxonomy":"category","embeddable":true,"href":"https:\/\/www.europesays.com\/ee\/wp-json\/wp\/v2\/categories?post=34866"},{"taxonomy":"post_tag","embeddable":true,"href":"https:\/\/www.europesays.com\/ee\/wp-json\/wp\/v2\/tags?post=34866"}],"curies":[{"name":"wp","href":"https:\/\/api.w.org\/{rel}","templated":true}]}}