{"id":34961,"date":"2025-11-04T15:00:30","date_gmt":"2025-11-04T15:00:30","guid":{"rendered":"https:\/\/www.europesays.com\/ee\/34961\/"},"modified":"2025-11-04T15:00:30","modified_gmt":"2025-11-04T15:00:30","slug":"intervjuu-hanno-pevkur-riigikaitsekomisjoni-liikmete-koostatud-raportist-minul-ukski-narv-ei-tomble","status":"publish","type":"post","link":"https:\/\/www.europesays.com\/ee\/34961\/","title":{"rendered":"INTERVJUU | Hanno Pevkur riigikaitsekomisjoni liikmete koostatud raportist: minul \u00fckski n\u00e4rv ei t\u00f5mble"},"content":{"rendered":"<p>Hiljuti valmis riigikogu <a rel=\"noopener nofollow\" target=\"_blank\" href=\"https:\/\/www.delfi.ee\/teema\/56818390\/riigikaitsekomisjon\" data-rel-date-range=\"[]\">riigikaitsekomisjonil<\/a> <a rel=\"noopener nofollow\" target=\"_blank\" href=\"https:\/\/www.delfi.ee\/teema\/96849510\/julgeolek-1\" data-rel-date-range=\"[]\">julgeolekuteemaline<\/a> raport, mille koostamist juhtis erus\u00f5jav\u00e4elane, endine kaitseliidu \u00fclem ja praegune riigikogu liige Meelis Kiili (Reformierakond). Koos temaga koostasid raportit Leo Kunnas, Alar Laneman (Reformierakond), Neeme V\u00e4li (Isamaa), Peeter Tali (Eesti 200) ja Anti Poolamets (EKRE).<\/p>\n<p>Selles raportis sai kriitikat pea kogu kaitsevaldkond, sealhulgas <a rel=\"noopener nofollow\" target=\"_blank\" href=\"https:\/\/www.delfi.ee\/teema\/56817956\/kaitseministeerium\" data-rel-date-range=\"[]\">kaitseministeerium<\/a>. N\u00e4iteks heidetakse ministeeriumile ette, et neil puuduvat visioon. Samuti, et riigikaitse strateegia puudumise t\u00f5ttu polevat seatud valdkondlikke eesm\u00e4rke v\u00f5i et kaitsevaldkonna strateegilised dokumendid olevat killustatud ning kaitsev\u00e4e juhatajal on tegelik juhtimis\u00f5igus piiratud.<\/p>\n<p>Kaitseminister Hanno Pevkur (Reformierakond) \u00fctleb, et raporti peale tema n\u00e4rv t\u00f5mblema ei hakka, ning leiab, et Eesti riigikaitse on paremas seisus kui varem.<\/p>\n<p>Oled juba tellija?  Logi sisse <\/p>\n<p>       <a href=\"https:\/\/www.delfi.ee\/artikkel\/120414673\/intervjuu-hanno-pevkur-riigikaitsekomisjoni-liikmete-koostatud-raportist-minul-ukski-narv-ei-tomble\/kommentaarid\" class=\"article-body-bottom__comment article-body-bottom__comment--write button button--primary button--size-auto\" rel=\"nofollow noopener\" target=\"_blank\"><br \/>\n        Kommenteeri<br \/>\n       <\/a> <a href=\"https:\/\/www.delfi.ee\/artikkel\/120414673\/intervjuu-hanno-pevkur-riigikaitsekomisjoni-liikmete-koostatud-raportist-minul-ukski-narv-ei-tomble\/kommentaarid\" class=\"article-body-bottom__comment article-body-bottom__comment--read button button--size-auto\" rel=\"nofollow noopener\" target=\"_blank\"><br \/>\n        Loe kommentaare (171) <\/a>  <\/p>\n","protected":false},"excerpt":{"rendered":"Hiljuti valmis riigikogu riigikaitsekomisjonil julgeolekuteemaline raport, mille koostamist juhtis erus\u00f5jav\u00e4elane, endine kaitseliidu \u00fclem ja praegune riigikogu liige Meelis&hellip;\n","protected":false},"author":2,"featured_media":34962,"comment_status":"","ping_status":"","sticky":false,"template":"","format":"standard","meta":{"footnotes":""},"categories":[5],"tags":[26,27,37,33,35,34,36,31,32,492,21,498,1152,3613,28,29,17474,54,19,25,5448,17752,23,24,22,20,30],"class_list":{"0":"post-34961","1":"post","2":"type-post","3":"status-publish","4":"format-standard","5":"has-post-thumbnail","7":"category-uldised-uudised","8":"tag-breaking-news","9":"tag-breakingnews","10":"tag-ee","11":"tag-eesti","12":"tag-eesti-keel","13":"tag-estonia","14":"tag-estonian","15":"tag-featured-news","16":"tag-featurednews","17":"tag-hanno-pevkur","18":"tag-headlines","19":"tag-julgeolek","20":"tag-kaitseministeerium","21":"tag-kaitseminister","22":"tag-latest-news","23":"tag-latestnews","24":"tag-martin-herem","25":"tag-nato","26":"tag-news","27":"tag-populaarseimad-lood","28":"tag-riho-terras","29":"tag-riigikaitsekomisjon","30":"tag-top-stories","31":"tag-topstories","32":"tag-uldised-uudised","33":"tag-uudised","34":"tag-viimased-uudised"},"share_on_mastodon":{"url":"https:\/\/pubeurope.com\/@ee\/115492029891512026","error":""},"_links":{"self":[{"href":"https:\/\/www.europesays.com\/ee\/wp-json\/wp\/v2\/posts\/34961","targetHints":{"allow":["GET"]}}],"collection":[{"href":"https:\/\/www.europesays.com\/ee\/wp-json\/wp\/v2\/posts"}],"about":[{"href":"https:\/\/www.europesays.com\/ee\/wp-json\/wp\/v2\/types\/post"}],"author":[{"embeddable":true,"href":"https:\/\/www.europesays.com\/ee\/wp-json\/wp\/v2\/users\/2"}],"replies":[{"embeddable":true,"href":"https:\/\/www.europesays.com\/ee\/wp-json\/wp\/v2\/comments?post=34961"}],"version-history":[{"count":0,"href":"https:\/\/www.europesays.com\/ee\/wp-json\/wp\/v2\/posts\/34961\/revisions"}],"wp:featuredmedia":[{"embeddable":true,"href":"https:\/\/www.europesays.com\/ee\/wp-json\/wp\/v2\/media\/34962"}],"wp:attachment":[{"href":"https:\/\/www.europesays.com\/ee\/wp-json\/wp\/v2\/media?parent=34961"}],"wp:term":[{"taxonomy":"category","embeddable":true,"href":"https:\/\/www.europesays.com\/ee\/wp-json\/wp\/v2\/categories?post=34961"},{"taxonomy":"post_tag","embeddable":true,"href":"https:\/\/www.europesays.com\/ee\/wp-json\/wp\/v2\/tags?post=34961"}],"curies":[{"name":"wp","href":"https:\/\/api.w.org\/{rel}","templated":true}]}}