{"id":35215,"date":"2025-11-04T22:29:07","date_gmt":"2025-11-04T22:29:07","guid":{"rendered":"https:\/\/www.europesays.com\/ee\/35215\/"},"modified":"2025-11-04T22:29:07","modified_gmt":"2025-11-04T22:29:07","slug":"eesti-naine-tousis-saksamaal-tostukijuhtide-mmil-poodiumile","status":"publish","type":"post","link":"https:\/\/www.europesays.com\/ee\/35215\/","title":{"rendered":"Eesti naine t\u00f5usis Saksamaal t\u00f5stukijuhtide MMil poodiumile"},"content":{"rendered":"<p>\u00abT\u00f5stuki juhtimine on nagu autos\u00f5it \u2013 nauditav tegevus, aga samas makstakse selle eest ka palka. Kokku annab see unelmate t\u00f6\u00f6,\u00bb \u00fctles neli ja pool aastat ettev\u00f5ttes Peri t\u00f6\u00f6tanud Sinikas.<\/p>\n<p>Koos kolleegidega oli ta j\u00e4lginud videoid t\u00f5stukijuhtide MMilt, mis toob kord aastas Saksamaale kokku enam kui 100 t\u00f5stukis\u00f5itjat \u00fcle maailma ja kus m\u00f5\u00f5tu v\u00f5etakse meeste, naiste ning v\u00f5istkondade arvestuses. V\u00f5istlejad sooritavad millimeetri t\u00e4psusega man\u00f6\u00f6vreid ja panevad konstruktsioone kokku, p\u00fc\u00fcdes v\u00e4ltida iga v\u00e4iksematki viga.<\/p>\n","protected":false},"excerpt":{"rendered":"\u00abT\u00f5stuki juhtimine on nagu autos\u00f5it \u2013 nauditav tegevus, aga samas makstakse selle eest ka palka. Kokku annab see&hellip;\n","protected":false},"author":2,"featured_media":35216,"comment_status":"","ping_status":"","sticky":false,"template":"","format":"standard","meta":{"footnotes":""},"categories":[80],"tags":[26,27,37,33,35,34,36,31,32,21,28,29,95,18060,1714,19,25,23,24,17267,22,20,30,92,93,94],"class_list":{"0":"post-35215","1":"post","2":"type-post","3":"status-publish","4":"format-standard","5":"has-post-thumbnail","7":"category-maailm","8":"tag-breaking-news","9":"tag-breakingnews","10":"tag-ee","11":"tag-eesti","12":"tag-eesti-keel","13":"tag-estonia","14":"tag-estonian","15":"tag-featured-news","16":"tag-featurednews","17":"tag-headlines","18":"tag-latest-news","19":"tag-latestnews","20":"tag-maailm","21":"tag-marleen-sinikas","22":"tag-mm","23":"tag-news","24":"tag-populaarseimad-lood","25":"tag-top-stories","26":"tag-topstories","27":"tag-tostukijuht","28":"tag-uldised-uudised","29":"tag-uudised","30":"tag-viimased-uudised","31":"tag-world","32":"tag-world-news","33":"tag-worldnews"},"share_on_mastodon":{"url":"https:\/\/pubeurope.com\/@ee\/115493795486903216","error":""},"_links":{"self":[{"href":"https:\/\/www.europesays.com\/ee\/wp-json\/wp\/v2\/posts\/35215","targetHints":{"allow":["GET"]}}],"collection":[{"href":"https:\/\/www.europesays.com\/ee\/wp-json\/wp\/v2\/posts"}],"about":[{"href":"https:\/\/www.europesays.com\/ee\/wp-json\/wp\/v2\/types\/post"}],"author":[{"embeddable":true,"href":"https:\/\/www.europesays.com\/ee\/wp-json\/wp\/v2\/users\/2"}],"replies":[{"embeddable":true,"href":"https:\/\/www.europesays.com\/ee\/wp-json\/wp\/v2\/comments?post=35215"}],"version-history":[{"count":0,"href":"https:\/\/www.europesays.com\/ee\/wp-json\/wp\/v2\/posts\/35215\/revisions"}],"wp:featuredmedia":[{"embeddable":true,"href":"https:\/\/www.europesays.com\/ee\/wp-json\/wp\/v2\/media\/35216"}],"wp:attachment":[{"href":"https:\/\/www.europesays.com\/ee\/wp-json\/wp\/v2\/media?parent=35215"}],"wp:term":[{"taxonomy":"category","embeddable":true,"href":"https:\/\/www.europesays.com\/ee\/wp-json\/wp\/v2\/categories?post=35215"},{"taxonomy":"post_tag","embeddable":true,"href":"https:\/\/www.europesays.com\/ee\/wp-json\/wp\/v2\/tags?post=35215"}],"curies":[{"name":"wp","href":"https:\/\/api.w.org\/{rel}","templated":true}]}}