{"id":35370,"date":"2025-11-05T07:54:07","date_gmt":"2025-11-05T07:54:07","guid":{"rendered":"https:\/\/www.europesays.com\/ee\/35370\/"},"modified":"2025-11-05T07:54:07","modified_gmt":"2025-11-05T07:54:07","slug":"valimised-usa-s-%e2%9f%a9-new-yorgi-linnapeaks-valiti-mamdani-demokraadid-voidutsesid-mujalgi","status":"publish","type":"post","link":"https:\/\/www.europesays.com\/ee\/35370\/","title":{"rendered":"VALIMISED USA-S \u27e9 New Yorgi linnapeaks valiti Mamdani, demokraadid v\u00f5idutsesid mujalgi"},"content":{"rendered":"<p>Valimised toimusid p\u00e4eval, mil \u00fcle riigi leidsid aset olulised kohalikud h\u00e4\u00e4letused, mis andsid esimese valimishinnangu Donald Trumpi tormilisele teisele ametiajale Valges Majas.<\/p>\n<p>USA telekanalid NBC, CBS ja CNN prognoosisid, et demokraadist sotsialist Mamdani, kellest saab New Yorgi esimene moslemist linnapea, kogub rohkem h\u00e4\u00e4li kui tema l\u00e4him rivaal, endine kuberner Andrew Cuomo.<\/p>\n","protected":false},"excerpt":{"rendered":"Valimised toimusid p\u00e4eval, mil \u00fcle riigi leidsid aset olulised kohalikud h\u00e4\u00e4letused, mis andsid esimese valimishinnangu Donald Trumpi tormilisele&hellip;\n","protected":false},"author":2,"featured_media":35371,"comment_status":"","ping_status":"","sticky":false,"template":"","format":"standard","meta":{"footnotes":""},"categories":[5],"tags":[18117,5561,26,27,6451,324,37,33,35,34,36,31,32,21,28,29,18118,18115,1173,19,25,23,24,22,20,6452,18116,30,2207,5563],"class_list":{"0":"post-35370","1":"post","2":"type-post","3":"status-publish","4":"format-standard","5":"has-post-thumbnail","7":"category-uldised-uudised","8":"tag-abigail-spanberger","9":"tag-andrew-cuomo","10":"tag-breaking-news","11":"tag-breakingnews","12":"tag-demokraadid","13":"tag-donald-trump","14":"tag-ee","15":"tag-eesti","16":"tag-eesti-keel","17":"tag-estonia","18":"tag-estonian","19":"tag-featured-news","20":"tag-featurednews","21":"tag-headlines","22":"tag-latest-news","23":"tag-latestnews","24":"tag-mikie-sherrill","25":"tag-new-jersey","26":"tag-new-york","27":"tag-news","28":"tag-populaarseimad-lood","29":"tag-top-stories","30":"tag-topstories","31":"tag-uldised-uudised","32":"tag-uudised","33":"tag-vabariiklased","34":"tag-valitsuse-tooseisak","35":"tag-viimased-uudised","36":"tag-virginia","37":"tag-zohran-mamdani"},"share_on_mastodon":{"url":"https:\/\/pubeurope.com\/@ee\/115496017098636644","error":""},"_links":{"self":[{"href":"https:\/\/www.europesays.com\/ee\/wp-json\/wp\/v2\/posts\/35370","targetHints":{"allow":["GET"]}}],"collection":[{"href":"https:\/\/www.europesays.com\/ee\/wp-json\/wp\/v2\/posts"}],"about":[{"href":"https:\/\/www.europesays.com\/ee\/wp-json\/wp\/v2\/types\/post"}],"author":[{"embeddable":true,"href":"https:\/\/www.europesays.com\/ee\/wp-json\/wp\/v2\/users\/2"}],"replies":[{"embeddable":true,"href":"https:\/\/www.europesays.com\/ee\/wp-json\/wp\/v2\/comments?post=35370"}],"version-history":[{"count":0,"href":"https:\/\/www.europesays.com\/ee\/wp-json\/wp\/v2\/posts\/35370\/revisions"}],"wp:featuredmedia":[{"embeddable":true,"href":"https:\/\/www.europesays.com\/ee\/wp-json\/wp\/v2\/media\/35371"}],"wp:attachment":[{"href":"https:\/\/www.europesays.com\/ee\/wp-json\/wp\/v2\/media?parent=35370"}],"wp:term":[{"taxonomy":"category","embeddable":true,"href":"https:\/\/www.europesays.com\/ee\/wp-json\/wp\/v2\/categories?post=35370"},{"taxonomy":"post_tag","embeddable":true,"href":"https:\/\/www.europesays.com\/ee\/wp-json\/wp\/v2\/tags?post=35370"}],"curies":[{"name":"wp","href":"https:\/\/api.w.org\/{rel}","templated":true}]}}