{"id":35550,"date":"2025-11-05T11:42:11","date_gmt":"2025-11-05T11:42:11","guid":{"rendered":"https:\/\/www.europesays.com\/ee\/35550\/"},"modified":"2025-11-05T11:42:11","modified_gmt":"2025-11-05T11:42:11","slug":"geenius-meedia-liigub-delfi-omandisse-juht-lahkub","status":"publish","type":"post","link":"https:\/\/www.europesays.com\/ee\/35550\/","title":{"rendered":"Geenius Meedia liigub Delfi omandisse, juht lahkub"},"content":{"rendered":"<p>Ekspress Grupi teatel on muudatuse eesm\u00e4rk suunata suurem fookus Geeniuse pakutava sisu ning uute formaatide arendamisele, leides samal ajal lisas\u00fcnergiat meediaettev\u00f5tete haldamises.<\/p>\n<p>Kontserni kinnitusel j\u00e4tkab Geenius Meedia eraldi \u00fcksusena, s\u00e4ilitades oma toimetusliku iseseisvuse. Geenius.ee portaal j\u00e4tkab samuti eraldi ning selle tuumikuks j\u00e4\u00e4b digi-, auto- ja tehnoloogiavaldkonna sisu.<\/p>\n","protected":false},"excerpt":{"rendered":"Ekspress Grupi teatel on muudatuse eesm\u00e4rk suunata suurem fookus Geeniuse pakutava sisu ning uute formaatide arendamisele, leides samal&hellip;\n","protected":false},"author":2,"featured_media":35551,"comment_status":"","ping_status":"","sticky":false,"template":"","format":"standard","meta":{"footnotes":"","_share_on_mastodon":"0"},"categories":[14],"tags":[131,18208,130,8458,18209,37,33,35,5674,34,36,18204,18207,17021,18206,18205],"class_list":["post-35550","post","type-post","status-publish","format-standard","has-post-thumbnail","category-ari","tag-ari","tag-as-ekspress-grupp","tag-business","tag-delfi-meedia","tag-delfi-meedia-as","tag-ee","tag-eesti","tag-eesti-keel","tag-ekspress-grupp","tag-estonia","tag-estonian","tag-geenius-meedia","tag-geenius-meedia-ou","tag-henrik-roonemaa","tag-martha-beryl-grauberg","tag-martin-mets"],"share_on_mastodon":{"url":"https:\/\/pubeurope.com\/@ee\/115496913707851869","error":""},"_links":{"self":[{"href":"https:\/\/www.europesays.com\/ee\/wp-json\/wp\/v2\/posts\/35550","targetHints":{"allow":["GET"]}}],"collection":[{"href":"https:\/\/www.europesays.com\/ee\/wp-json\/wp\/v2\/posts"}],"about":[{"href":"https:\/\/www.europesays.com\/ee\/wp-json\/wp\/v2\/types\/post"}],"author":[{"embeddable":true,"href":"https:\/\/www.europesays.com\/ee\/wp-json\/wp\/v2\/users\/2"}],"replies":[{"embeddable":true,"href":"https:\/\/www.europesays.com\/ee\/wp-json\/wp\/v2\/comments?post=35550"}],"version-history":[{"count":0,"href":"https:\/\/www.europesays.com\/ee\/wp-json\/wp\/v2\/posts\/35550\/revisions"}],"wp:featuredmedia":[{"embeddable":true,"href":"https:\/\/www.europesays.com\/ee\/wp-json\/wp\/v2\/media\/35551"}],"wp:attachment":[{"href":"https:\/\/www.europesays.com\/ee\/wp-json\/wp\/v2\/media?parent=35550"}],"wp:term":[{"taxonomy":"category","embeddable":true,"href":"https:\/\/www.europesays.com\/ee\/wp-json\/wp\/v2\/categories?post=35550"},{"taxonomy":"post_tag","embeddable":true,"href":"https:\/\/www.europesays.com\/ee\/wp-json\/wp\/v2\/tags?post=35550"}],"curies":[{"name":"wp","href":"https:\/\/api.w.org\/{rel}","templated":true}]}}