{"id":35660,"date":"2025-11-05T14:17:07","date_gmt":"2025-11-05T14:17:07","guid":{"rendered":"https:\/\/www.europesays.com\/ee\/35660\/"},"modified":"2025-11-05T14:17:07","modified_gmt":"2025-11-05T14:17:07","slug":"huvasti-kopikad-%e2%9f%a9-ukraina-keskpank-tahab-venemaalt-votta-voimu-sentide-ule","status":"publish","type":"post","link":"https:\/\/www.europesays.com\/ee\/35660\/","title":{"rendered":"H\u00dcVASTI, KOPIKAD! \u27e9 Ukraina keskpank tahab Venemaalt v\u00f5tta v\u00f5imu sentide \u00fcle"},"content":{"rendered":"<p>N\u00f5ukogude Liidu okupatsiooni ajast p\u00e4rit nimi &#8211; kopikas &#8211; on Ukrainas kasutusel t\u00e4nini. N\u00fc\u00fcd aga tahetakse sellest nimest kui Moskva domineerimise s\u00fcmbolist lahti saada, kirjutas Reuters.<\/p>\n<p>\u00abMe peaksime l\u00f5puks viima l\u00f5pule rahareformi ja eemaldama igasuguse seose Moskvaga. Sest meil on enda [nimi]. Ja on aeg see tagasi v\u00f5tta,\u00bb r\u00e4\u00e4kis keskpanga president Andri P\u00f5\u0161n\u00f5i.<\/p>\n","protected":false},"excerpt":{"rendered":"N\u00f5ukogude Liidu okupatsiooni ajast p\u00e4rit nimi &#8211; kopikas &#8211; on Ukrainas kasutusel t\u00e4nini. N\u00fc\u00fcd aga tahetakse sellest nimest&hellip;\n","protected":false},"author":2,"featured_media":35661,"comment_status":"","ping_status":"","sticky":false,"template":"","format":"standard","meta":{"footnotes":"","_share_on_mastodon":"0"},"categories":[80],"tags":[26,27,37,33,35,34,36,31,32,21,18253,28,29,95,19,25,18254,23,24,262,22,20,96,30,92,93,94],"class_list":["post-35660","post","type-post","status-publish","format-standard","has-post-thumbnail","category-maailm","tag-breaking-news","tag-breakingnews","tag-ee","tag-eesti","tag-eesti-keel","tag-estonia","tag-estonian","tag-featured-news","tag-featurednews","tag-headlines","tag-kopikad","tag-latest-news","tag-latestnews","tag-maailm","tag-news","tag-populaarseimad-lood","tag-rahareform","tag-top-stories","tag-topstories","tag-ukraina","tag-uldised-uudised","tag-uudised","tag-venemaa","tag-viimased-uudised","tag-world","tag-world-news","tag-worldnews"],"share_on_mastodon":{"url":"https:\/\/pubeurope.com\/@ee\/115497523254552368","error":""},"_links":{"self":[{"href":"https:\/\/www.europesays.com\/ee\/wp-json\/wp\/v2\/posts\/35660","targetHints":{"allow":["GET"]}}],"collection":[{"href":"https:\/\/www.europesays.com\/ee\/wp-json\/wp\/v2\/posts"}],"about":[{"href":"https:\/\/www.europesays.com\/ee\/wp-json\/wp\/v2\/types\/post"}],"author":[{"embeddable":true,"href":"https:\/\/www.europesays.com\/ee\/wp-json\/wp\/v2\/users\/2"}],"replies":[{"embeddable":true,"href":"https:\/\/www.europesays.com\/ee\/wp-json\/wp\/v2\/comments?post=35660"}],"version-history":[{"count":0,"href":"https:\/\/www.europesays.com\/ee\/wp-json\/wp\/v2\/posts\/35660\/revisions"}],"wp:featuredmedia":[{"embeddable":true,"href":"https:\/\/www.europesays.com\/ee\/wp-json\/wp\/v2\/media\/35661"}],"wp:attachment":[{"href":"https:\/\/www.europesays.com\/ee\/wp-json\/wp\/v2\/media?parent=35660"}],"wp:term":[{"taxonomy":"category","embeddable":true,"href":"https:\/\/www.europesays.com\/ee\/wp-json\/wp\/v2\/categories?post=35660"},{"taxonomy":"post_tag","embeddable":true,"href":"https:\/\/www.europesays.com\/ee\/wp-json\/wp\/v2\/tags?post=35660"}],"curies":[{"name":"wp","href":"https:\/\/api.w.org\/{rel}","templated":true}]}}