{"id":36523,"date":"2025-11-06T15:24:10","date_gmt":"2025-11-06T15:24:10","guid":{"rendered":"https:\/\/www.europesays.com\/ee\/36523\/"},"modified":"2025-11-06T15:24:10","modified_gmt":"2025-11-06T15:24:10","slug":"ukraina-havitas-venemaa-droonibaasi-donetski-lennujaamas","status":"publish","type":"post","link":"https:\/\/www.europesays.com\/ee\/36523\/","title":{"rendered":"Ukraina h\u00e4vitas Venemaa droonibaasi Donetski lennujaamas"},"content":{"rendered":"<p>Ukraina mehitamata s\u00fcsteemide j\u00f5udude \u00fclem Robert \u201eMadjar\u201c Brovdi s\u00f5nul eelnes t\u00e4ppisr\u00fcnnakule Ukraina erioperatsioonide (SSO) \u00fcksuse, suurt\u00fckiv\u00e4e ja 414. brigaadi luure\u00fcksuste kuudepikkune luuret\u00f6\u00f6. SSO andmetel tabas enam kui 90 protsenti \u00f5hku lastud <a rel=\"noopener nofollow\" target=\"_blank\" href=\"https:\/\/www.delfi.ee\/teema\/96850724\/droon-1\" tag-id=\"96850724\">droonidest<\/a> oma sihtm\u00e4rki.<\/p>\n<p>R\u00fcnnakut droonide baasile kinnitas ka Ukraina relvaj\u00f5udude peastaap. Nende teatel registreeriti s\u00fcndmuskohal mitu plahvatust ja v\u00f5imas sekundaarne plahvatus.<\/p>\n<p>V\u00e4idetavalt eriteenistuse t\u00f6\u00f6taja poolt hallatud Telegrami kanal Spioonitoimik teatas, et r\u00fcnnakus kasutati tiibrakette ja r\u00fcndedroone. Kanali s\u00f5nul h\u00e4vitati laskemoonahoidla, k\u00fctusehoidla ja stardieelse ettevalmistuse ala. Kahjustada said ka toite- ja sides\u00f5lmed. Kohapeal oli r\u00fcnnaku toimumise ajal kuni 1000 drooni ja 1500 l\u00f5hkepead, lisati postituses.<\/p>\n<p>Donetskis asuv lennujaam oli \u00fcks Ukraina t\u00e4htsamaid arendusprojekte enne selle vallutamist Vene v\u00e4gede poolt 2015. aastal. Viimastel kuudel on Venemaa muutnud lennujaama droonide logistiliseks baasiks.<\/p>\n<p>    Kuidas see lugu Sind end tundma pani?<br \/>\n        Saada<br \/>\n           <a href=\"https:\/\/www.delfi.ee\/artikkel\/120415438\/ukraina-havitas-venemaa-droonibaasi-donetski-lennujaamas\/kommentaarid\" class=\"article-body-bottom__comment article-body-bottom__comment--write button button--primary button--size-auto\" rel=\"nofollow noopener\" target=\"_blank\"><br \/>\n        Kommenteeri<br \/>\n       <\/a> <a href=\"https:\/\/www.delfi.ee\/artikkel\/120415438\/ukraina-havitas-venemaa-droonibaasi-donetski-lennujaamas\/kommentaarid\" class=\"article-body-bottom__comment article-body-bottom__comment--read button button--size-auto\" rel=\"nofollow noopener\" target=\"_blank\"><br \/>\n        Loe kommentaare  <\/a>  <\/p>\n","protected":false},"excerpt":{"rendered":"Ukraina mehitamata s\u00fcsteemide j\u00f5udude \u00fclem Robert \u201eMadjar\u201c Brovdi s\u00f5nul eelnes t\u00e4ppisr\u00fcnnakule Ukraina erioperatsioonide (SSO) \u00fcksuse, suurt\u00fckiv\u00e4e ja 414.&hellip;\n","protected":false},"author":2,"featured_media":36524,"comment_status":"","ping_status":"","sticky":false,"template":"","format":"standard","meta":{"footnotes":""},"categories":[80],"tags":[26,27,4556,404,37,33,35,34,36,31,32,21,28,29,95,19,25,107,23,24,262,22,20,96,30,92,93,94],"class_list":{"0":"post-36523","1":"post","2":"type-post","3":"status-publish","4":"format-standard","5":"has-post-thumbnail","7":"category-maailm","8":"tag-breaking-news","9":"tag-breakingnews","10":"tag-donetsk","11":"tag-droon","12":"tag-ee","13":"tag-eesti","14":"tag-eesti-keel","15":"tag-estonia","16":"tag-estonian","17":"tag-featured-news","18":"tag-featurednews","19":"tag-headlines","20":"tag-latest-news","21":"tag-latestnews","22":"tag-maailm","23":"tag-news","24":"tag-populaarseimad-lood","25":"tag-soda-ukrainas","26":"tag-top-stories","27":"tag-topstories","28":"tag-ukraina","29":"tag-uldised-uudised","30":"tag-uudised","31":"tag-venemaa","32":"tag-viimased-uudised","33":"tag-world","34":"tag-world-news","35":"tag-worldnews"},"share_on_mastodon":{"url":"https:\/\/pubeurope.com\/@ee\/115503448946824843","error":""},"_links":{"self":[{"href":"https:\/\/www.europesays.com\/ee\/wp-json\/wp\/v2\/posts\/36523","targetHints":{"allow":["GET"]}}],"collection":[{"href":"https:\/\/www.europesays.com\/ee\/wp-json\/wp\/v2\/posts"}],"about":[{"href":"https:\/\/www.europesays.com\/ee\/wp-json\/wp\/v2\/types\/post"}],"author":[{"embeddable":true,"href":"https:\/\/www.europesays.com\/ee\/wp-json\/wp\/v2\/users\/2"}],"replies":[{"embeddable":true,"href":"https:\/\/www.europesays.com\/ee\/wp-json\/wp\/v2\/comments?post=36523"}],"version-history":[{"count":0,"href":"https:\/\/www.europesays.com\/ee\/wp-json\/wp\/v2\/posts\/36523\/revisions"}],"wp:featuredmedia":[{"embeddable":true,"href":"https:\/\/www.europesays.com\/ee\/wp-json\/wp\/v2\/media\/36524"}],"wp:attachment":[{"href":"https:\/\/www.europesays.com\/ee\/wp-json\/wp\/v2\/media?parent=36523"}],"wp:term":[{"taxonomy":"category","embeddable":true,"href":"https:\/\/www.europesays.com\/ee\/wp-json\/wp\/v2\/categories?post=36523"},{"taxonomy":"post_tag","embeddable":true,"href":"https:\/\/www.europesays.com\/ee\/wp-json\/wp\/v2\/tags?post=36523"}],"curies":[{"name":"wp","href":"https:\/\/api.w.org\/{rel}","templated":true}]}}