{"id":3730,"date":"2025-09-24T14:59:14","date_gmt":"2025-09-24T14:59:14","guid":{"rendered":"https:\/\/www.europesays.com\/ee\/3730\/"},"modified":"2025-09-24T14:59:14","modified_gmt":"2025-09-24T14:59:14","slug":"fotod-%e2%9f%a9-sisulooja-anita-sibul-sumpab-kilekotid-jalgade-otsas-vee-alla-mattunud-milano-tanavatel","status":"publish","type":"post","link":"https:\/\/www.europesays.com\/ee\/3730\/","title":{"rendered":"FOTOD \u27e9 Sisulooja Anita Sibul sumpab kilekotid jalgade otsas vee alla mattunud Milano t\u00e4navatel"},"content":{"rendered":"<p>M\u00f6\u00f6dunud n\u00e4dalal New Yorgi moen\u00e4dalat v\u00e4isanud sisulooja Anita Sibul on j\u00f5udnud omadega Itaaliasse, kus teisip\u00e4eval sai alguse sealne moen\u00e4dal.<\/p>\n<p>\u00abJaa, alustasin vapralt, aga peale tundi aega selles sopavees k\u00f5ndimist, avastamist, et taksod ei s\u00f5ida, \u00fchistransport streigib, siis muutusin ikka v\u00e4ga kurvaks. Disainer ise kirjutas mulle, et soovib mind kutsuda, kinnitasin mitu korda \u00fcle, et tulen, nii et tundsin, et kuidas k\u00fcll selline olukord saab k\u00f5ik korraga juhtuda t\u00e4pselt seal piirkonnas, kus olen. Sisendan, et everything happens for a reason, aga loodan, et saan selle p\u00f5hjuse kunagi teada ka,\u00bb kommenteeris Anita Elu24-le.<\/p>\n","protected":false},"excerpt":{"rendered":"M\u00f6\u00f6dunud n\u00e4dalal New Yorgi moen\u00e4dalat v\u00e4isanud sisulooja Anita Sibul on j\u00f5udnud omadega Itaaliasse, kus teisip\u00e4eval sai alguse sealne&hellip;\n","protected":false},"author":2,"featured_media":3731,"comment_status":"","ping_status":"","sticky":false,"template":"","format":"standard","meta":{"footnotes":""},"categories":[80],"tags":[26,27,37,33,35,34,36,31,32,21,28,29,95,3335,3336,19,25,23,24,22,20,3337,30,92,93,94],"class_list":{"0":"post-3730","1":"post","2":"type-post","3":"status-publish","4":"format-standard","5":"has-post-thumbnail","7":"category-maailm","8":"tag-breaking-news","9":"tag-breakingnews","10":"tag-ee","11":"tag-eesti","12":"tag-eesti-keel","13":"tag-estonia","14":"tag-estonian","15":"tag-featured-news","16":"tag-featurednews","17":"tag-headlines","18":"tag-latest-news","19":"tag-latestnews","20":"tag-maailm","21":"tag-milano","22":"tag-moenadal","23":"tag-news","24":"tag-populaarseimad-lood","25":"tag-top-stories","26":"tag-topstories","27":"tag-uldised-uudised","28":"tag-uudised","29":"tag-veeuputus","30":"tag-viimased-uudised","31":"tag-world","32":"tag-world-news","33":"tag-worldnews"},"share_on_mastodon":{"url":"","error":""},"_links":{"self":[{"href":"https:\/\/www.europesays.com\/ee\/wp-json\/wp\/v2\/posts\/3730","targetHints":{"allow":["GET"]}}],"collection":[{"href":"https:\/\/www.europesays.com\/ee\/wp-json\/wp\/v2\/posts"}],"about":[{"href":"https:\/\/www.europesays.com\/ee\/wp-json\/wp\/v2\/types\/post"}],"author":[{"embeddable":true,"href":"https:\/\/www.europesays.com\/ee\/wp-json\/wp\/v2\/users\/2"}],"replies":[{"embeddable":true,"href":"https:\/\/www.europesays.com\/ee\/wp-json\/wp\/v2\/comments?post=3730"}],"version-history":[{"count":0,"href":"https:\/\/www.europesays.com\/ee\/wp-json\/wp\/v2\/posts\/3730\/revisions"}],"wp:featuredmedia":[{"embeddable":true,"href":"https:\/\/www.europesays.com\/ee\/wp-json\/wp\/v2\/media\/3731"}],"wp:attachment":[{"href":"https:\/\/www.europesays.com\/ee\/wp-json\/wp\/v2\/media?parent=3730"}],"wp:term":[{"taxonomy":"category","embeddable":true,"href":"https:\/\/www.europesays.com\/ee\/wp-json\/wp\/v2\/categories?post=3730"},{"taxonomy":"post_tag","embeddable":true,"href":"https:\/\/www.europesays.com\/ee\/wp-json\/wp\/v2\/tags?post=3730"}],"curies":[{"name":"wp","href":"https:\/\/api.w.org\/{rel}","templated":true}]}}