{"id":37783,"date":"2025-11-08T12:31:08","date_gmt":"2025-11-08T12:31:08","guid":{"rendered":"https:\/\/www.europesays.com\/ee\/37783\/"},"modified":"2025-11-08T12:31:08","modified_gmt":"2025-11-08T12:31:08","slug":"pole-paha-lati-meister-kutsus-tiitlipidustustele-esinema-maailmakuulsa-artisti-soccernet-ee","status":"publish","type":"post","link":"https:\/\/www.europesays.com\/ee\/37783\/","title":{"rendered":"Pole paha! L\u00e4ti meister kutsus tiitlipidustustele esinema maailmakuulsa artisti &#8211; Soccernet.ee"},"content":{"rendered":"<p><a href=\"https:\/\/soccernet.ee\/fotod\/premium-liiga-hooaja-avamine1\" rel=\"nofollow noopener\" target=\"_blank\"><img decoding=\"async\" src=\"https:\/\/www.europesays.com\/ee\/wp-content\/uploads\/2025\/11\/1582935068.jpg\" alt=\"L\u00e4ti meister t\u00f5stis karika eriti suure peoga. Foto: Brit Maria Tael\"\/><\/a>&#13;\n<\/p>\n<p>L\u00e4ti meistritiitli t\u00f5stis kolmest viimasest voorust vaid kaks punkti saanud Riia FC. Seitsmev\u00e4ravalise l\u00f5ppm\u00e4ngu j\u00e4rel vihtusid l\u00e4tlased tantsu spetsiaalselt kohale kutsutud John Newmani muusika saatel.<\/p>\n<p>Samamoodi k\u00fcmne meeskonna osalusel 36 vooru v\u00e4ltav L\u00e4ti meistriliiga sai uue t\u0161empioni Riia FC n\u00e4ol. Karikas t\u00f5steti p\u00e4rast totaalselt rappa l\u00e4inud l\u00f5pplahingut, milles aasta eest v\u00f5idutsenud RFS oli 65. minutiks l\u00f6\u00f6nud neli v\u00e4ravat. Riia FC suutis l\u00f5pptulemuse viia 3:4 kaotuse peale.&#13;\n<\/p>\n<p>Terve hooaja peale vaid kaks korda kaotanud ning 88 punkti kogunud Riia FC-le j\u00e4rgnes pjedestaalil punkti v\u00e4hem teeninud RFS. H\u00f5bemedalisti ridadest tulid ka hooaja resultatiivsemad &#8211; 29 korral skoorinud Darko Lemajic ja 14 v\u00e4ravas\u00f6\u00f6tu jaganud Petr Mare\u0161. Liiga kolmandal kohal l\u00f5petas 61 punkti teeninud FK Liepaja.&#13;\n<\/p>\n<p>P\u00e4rast kohtumist esines Skonto staadionil rahvusvaheliselt tuntud Inglismaa artist John Newman. Hittlaulu &#8220;Love me again&#8221; autor reisis L\u00e4tti pidutsema Riia FC kutsel.<\/p>\n<blockquote class=\"twitter-tweet\" data-media-max-width=\"560\"><p>&#13;<\/p>\n<p lang=\"qme\" dir=\"ltr\">\ud83e\ude75 <a href=\"https:\/\/t.co\/iptYoIA4eC\" rel=\"nofollow\">pic.twitter.com\/iptYoIA4eC<\/a>&#13;<br \/>\n\u2014 Riga FC (@RigaFC_Official) <a href=\"https:\/\/twitter.com\/RigaFC_Official\/status\/1986933356664078580?ref_src=twsrc%5Etfw\" rel=\"nofollow noopener\" target=\"_blank\">November 7, 2025<\/a><\/p>\n<\/blockquote>\n<p>          <script async src=\"https:\/\/platform.twitter.com\/widgets.js\" charset=\"utf-8\"><\/script><\/p>\n","protected":false},"excerpt":{"rendered":"&#13; L\u00e4ti meistritiitli t\u00f5stis kolmest viimasest voorust vaid kaks punkti saanud Riia FC. Seitsmev\u00e4ravalise l\u00f5ppm\u00e4ngu j\u00e4rel vihtusid l\u00e4tlased&hellip;\n","protected":false},"author":2,"featured_media":37784,"comment_status":"","ping_status":"","sticky":false,"template":"","format":"standard","meta":{"footnotes":"","_share_on_mastodon":"0"},"categories":[18],"tags":[37,33,35,34,36,19253,114,19254,19255,19256,19257,159,158,19258],"class_list":["post-37783","post","type-post","status-publish","format-standard","has-post-thumbnail","category-sport","tag-ee","tag-eesti","tag-eesti-keel","tag-estonia","tag-estonian","tag-john-newman","tag-lati","tag-newman","tag-rfs","tag-riga-fc","tag-riia-fc","tag-sport","tag-sports","tag-virsliga"],"share_on_mastodon":{"url":"https:\/\/pubeurope.com\/@ee\/115514093271185960","error":""},"_links":{"self":[{"href":"https:\/\/www.europesays.com\/ee\/wp-json\/wp\/v2\/posts\/37783","targetHints":{"allow":["GET"]}}],"collection":[{"href":"https:\/\/www.europesays.com\/ee\/wp-json\/wp\/v2\/posts"}],"about":[{"href":"https:\/\/www.europesays.com\/ee\/wp-json\/wp\/v2\/types\/post"}],"author":[{"embeddable":true,"href":"https:\/\/www.europesays.com\/ee\/wp-json\/wp\/v2\/users\/2"}],"replies":[{"embeddable":true,"href":"https:\/\/www.europesays.com\/ee\/wp-json\/wp\/v2\/comments?post=37783"}],"version-history":[{"count":0,"href":"https:\/\/www.europesays.com\/ee\/wp-json\/wp\/v2\/posts\/37783\/revisions"}],"wp:featuredmedia":[{"embeddable":true,"href":"https:\/\/www.europesays.com\/ee\/wp-json\/wp\/v2\/media\/37784"}],"wp:attachment":[{"href":"https:\/\/www.europesays.com\/ee\/wp-json\/wp\/v2\/media?parent=37783"}],"wp:term":[{"taxonomy":"category","embeddable":true,"href":"https:\/\/www.europesays.com\/ee\/wp-json\/wp\/v2\/categories?post=37783"},{"taxonomy":"post_tag","embeddable":true,"href":"https:\/\/www.europesays.com\/ee\/wp-json\/wp\/v2\/tags?post=37783"}],"curies":[{"name":"wp","href":"https:\/\/api.w.org\/{rel}","templated":true}]}}