{"id":38584,"date":"2025-11-09T16:57:10","date_gmt":"2025-11-09T16:57:10","guid":{"rendered":"https:\/\/www.europesays.com\/ee\/38584\/"},"modified":"2025-11-09T16:57:10","modified_gmt":"2025-11-09T16:57:10","slug":"veiko-kutt-elva-hooajast-miinimumi-tegime-ara-lopp-jai-luhikese-pingi-taha-soccernet-ee","status":"publish","type":"post","link":"https:\/\/www.europesays.com\/ee\/38584\/","title":{"rendered":"Veiko K\u00fctt Elva hooajast: miinimumi tegime \u00e4ra, l\u00f5pp j\u00e4i l\u00fchikese pingi taha &#8211; Soccernet.ee"},"content":{"rendered":"<p><img decoding=\"async\" src=\"https:\/\/www.europesays.com\/ee\/wp-content\/uploads\/2025\/11\/1762706103.png\" alt=\"Veiko K\u00fctt m\u00e4nguj\u00e4rgsel intervjuul. Foto: Soccernet.ee\"\/>&#13;\n<\/p>\n<p>FC Elva raudvara Veiko K\u00fctt nentis p\u00e4rast Esiliiga viimases voorus N\u00f5mme Unitedile 0:5 allaj\u00e4\u00e4mist, et nende hooaja l\u00f5pp l\u00e4ks l\u00fchikese pingi nahka.\u00a0<\/p>\n<p>&#8220;Esimene poolaeg saime tublisti hakkama. Ilmselgelt ootasime rasket m\u00e4ngu, ega me vabandusi ei otsi, lihtsalt et hooaeg on pikk olnud, nende pink on mingil m\u00e4\u00e4ral kindlasti pigem, kvaliteet parem,&#8221; r\u00e4\u00e4kis 39-aastane keskkaitsja Soccernet TV otse\u00fclekandes.&#13;\n<\/p>\n<p>&#8220;Loomulikult on kahju sellise emotsiooniga hooaeg l\u00f5petada &#8211; seni oli meie k\u00f5ige suurem kaotus kolmev\u00e4ravaline, n\u00fc\u00fcd topiti v\u00e4rav normaalselt t\u00e4is. Eks me peame \u00f5ppima sellest ja edasi minema. Norutada midagi ei ole, elus on hullemaidki asju.&#8221;&#13;\n<\/p>\n<p>Elva koosseisus on omajagu v\u00e4rsket verd. &#8220;K\u00f5ik on v\u00e4ga tublid. Need noored tulid sel aastal U16 Eesti\u00a0meistriks. Ma n\u00e4en, et kui nad tublisti esinduses trenni teevad, siis v\u00f5ib neist t\u00e4itsa asja saada. Tundub, et mingisugune j\u00e4relkasv on tulemas,&#8221; kommenteeris K\u00fctt, kes v\u00f5ttis hooaja kokku j\u00e4rgmiselt:<\/p>\n<p>&#8220;Miinimumeesm\u00e4rk oli meil tubli keskmik olla, selle me t\u00e4itsime \u00e4ra, maksimumeesm\u00e4rk oli v\u00f5imalusel m\u00e4ngida \u00fcleminekum\u00e4ngudele. Teatud p\u00f5hjustel kukkusime poole hooaja pealt \u00e4ra, seal olid omad probleemid. V\u00f5itlesime Welcoga veel tublisti kolmanda koha peale, aga hooaja l\u00f5pp l\u00e4ks meil natuke l\u00fchikese pingi taha. Aga ega me midagi taga ei nuta, oleme v\u00e4\u00e4rt t\u00e4pselt seda, mis tabelist otsa vaatab.&#8221;&#13;\n<\/p>\n<p>Uue hooaja kohta K\u00fctt praegu mingeid lubadusi ei jaga: &#8220;Ma ei tea midagi. Meil olid paljud laenul, paljud lepinguga hooaja l\u00f5puni, paljud on vanad ja nii edasi. Eks elu n\u00e4itab. Loodame, et Elva saab mingi apetiitse v\u00f5istkonna j\u00e4lle kokku ja proovime k\u00f5igile natuke tuld taga hoida.&#8221;&#13;\n<\/p>\n<p>T\u00e4ispikk intervjuu:&#13;<\/p>\n","protected":false},"excerpt":{"rendered":"&#13; FC Elva raudvara Veiko K\u00fctt nentis p\u00e4rast Esiliiga viimases voorus N\u00f5mme Unitedile 0:5 allaj\u00e4\u00e4mist, et nende hooaja&hellip;\n","protected":false},"author":2,"featured_media":38585,"comment_status":"","ping_status":"","sticky":false,"template":"","format":"standard","meta":{"footnotes":"","_share_on_mastodon":"0"},"categories":[18],"tags":[37,33,35,897,1466,34,36,3970,454,19568,1813,159,158,2331,19569],"class_list":["post-38584","post","type-post","status-publish","format-standard","has-post-thumbnail","category-sport","tag-ee","tag-eesti","tag-eesti-keel","tag-elva","tag-esiliiga","tag-estonia","tag-estonian","tag-fc-elva","tag-jarelkaja","tag-kutt","tag-nomme-united","tag-sport","tag-sports","tag-united","tag-veiko-kutt"],"share_on_mastodon":{"url":"https:\/\/pubeurope.com\/@ee\/115520801582424350","error":""},"_links":{"self":[{"href":"https:\/\/www.europesays.com\/ee\/wp-json\/wp\/v2\/posts\/38584","targetHints":{"allow":["GET"]}}],"collection":[{"href":"https:\/\/www.europesays.com\/ee\/wp-json\/wp\/v2\/posts"}],"about":[{"href":"https:\/\/www.europesays.com\/ee\/wp-json\/wp\/v2\/types\/post"}],"author":[{"embeddable":true,"href":"https:\/\/www.europesays.com\/ee\/wp-json\/wp\/v2\/users\/2"}],"replies":[{"embeddable":true,"href":"https:\/\/www.europesays.com\/ee\/wp-json\/wp\/v2\/comments?post=38584"}],"version-history":[{"count":0,"href":"https:\/\/www.europesays.com\/ee\/wp-json\/wp\/v2\/posts\/38584\/revisions"}],"wp:featuredmedia":[{"embeddable":true,"href":"https:\/\/www.europesays.com\/ee\/wp-json\/wp\/v2\/media\/38585"}],"wp:attachment":[{"href":"https:\/\/www.europesays.com\/ee\/wp-json\/wp\/v2\/media?parent=38584"}],"wp:term":[{"taxonomy":"category","embeddable":true,"href":"https:\/\/www.europesays.com\/ee\/wp-json\/wp\/v2\/categories?post=38584"},{"taxonomy":"post_tag","embeddable":true,"href":"https:\/\/www.europesays.com\/ee\/wp-json\/wp\/v2\/tags?post=38584"}],"curies":[{"name":"wp","href":"https:\/\/api.w.org\/{rel}","templated":true}]}}