{"id":38900,"date":"2025-11-10T07:51:07","date_gmt":"2025-11-10T07:51:07","guid":{"rendered":"https:\/\/www.europesays.com\/ee\/38900\/"},"modified":"2025-11-10T07:51:07","modified_gmt":"2025-11-10T07:51:07","slug":"ka-oma-inimeste-eest-tuleb-hoolitseda","status":"publish","type":"post","link":"https:\/\/www.europesays.com\/ee\/38900\/","title":{"rendered":"ka oma inimeste eest tuleb hoolitseda"},"content":{"rendered":"<p>Vaesus saab alguse hariduse puudumisest. Kuidas seda ringi l\u00f5hkuda? Esimene asi, mida tuleb teha, on vaadata, et vaesusriskis elavate perede lapsed l\u00e4heksid kooli ja saaksid kooli l\u00f5pudiplomi.<\/p>\n<p>Me t\u00f6\u00f6tame praegu v\u00e4lja Euroopa ajaloo esimest vaesuse vastast strateegiat ja tutvustame seda j\u00e4rgmisel aastal.<\/p>\n<p>Vaesus muudab \u00fchiskonnad v\u00e4ga haavatavaks. ELis tuleb seista sotsiaalse \u00fchtekuuluvuse ja paremate elustandardite eest. Sotsiaalsed standardid on ELi DNAs ja selleks tuleb leida raha.<\/p>\n<p>R\u00e4\u00e4kisin ka sellest teie rahandusministrile.<\/p>\n<p>Rootsis, Soomes ja Eestis on praegu k\u00f5rge t\u00f6\u00f6puudus. Kuidas aidata meie piirkonna inimesed t\u00f6\u00f6turule tagasi?<\/p>\n<p>ELis on t\u00f6\u00f6tajate vaba liikumine. Inimesed reisivad t\u00f6\u00f6 leidmiseks naabruses asuvatesse liikmesriikidesse. On riike, kus on t\u00f6\u00f6puudus ja on riike, kus on puudu t\u00f6\u00f6k\u00e4test.<\/p>\n<p>Me otsime selles Euroopa Komisjoni koosseisus ka v\u00f5imalusi, mis toetaksid inimeste \u00f5igust j\u00e4\u00e4da koju ja otsime viise toetamaks h\u00e4id t\u00f6\u00f6tingimusi koduriigis, aga liikuvus on reaalne osa ELi projektist.<\/p>\n<p>J\u00e4rgmisel aastal tutvustame \u00f5iglase t\u00f6\u00f6j\u00f5u liikuvuse paketti. See on meetmete pakett, mis lihtsustaks veelgi t\u00f6\u00f6tajate vaba liikumist.<\/p>\n<p>\u00dcks paketi meede on n\u00e4iteks suunatud kutsekvalifikatsioonide vastastikuse tunnustamise parandamisele, mis lihtsustaks v\u00f5imalusi t\u00f6\u00f6tada teises liikmesriigis sellel ametikohal, milleks inimene on \u00f5ppinud.<\/p>\n<p>Et inimesed ei peaks leppima madalama v\u00f5i kehvema t\u00f6\u00f6kohaga, sest nad ei tea, kuidas t\u00f5endada oma hariduse taset.<\/p>\n<p>Teisalt tegeleme ka sellega, et v\u00e4ltida sotsiaalset dumpingut. Teisest liikmesriigist p\u00e4rit t\u00f6\u00f6tajatele peavad laienema samad standardid ja tingimused, mis koduriigi t\u00f6\u00f6tajatele.<\/p>\n<p>Me n\u00e4eme, kuidas kolmandatest riikidest v\u00f5i Ida-Euroopast L\u00e4\u00e4ne-Euroopasse liikunud inimesed l\u00e4hevad t\u00f6\u00f6le, aga neil pole t\u00f6\u00f6lepinguid ja sotsiaalkindlustust samal tasemel, mis koduriigi t\u00f6\u00f6tajatel.<\/p>\n<p>Teisest liikmesriigist tulnute palgad, kaitse ja sotsiaalkindlustus peavad olema samal tasemel, mis on koduriigi elanikel.<\/p>\n<p>Me tahame selle korda teha.<\/p>\n<p>Plaanis on tugevdada ka Euroopa T\u00f6\u00f6j\u00f5uameti rolli, et see saaks rohkem ja paremini kontrollida koost\u00f6\u00f6s liikmesriikide inspektoritega ELi riike.<\/p>\n<p>23.\u201324. oktoobril Eestis t\u00f6\u00f6visiidil k\u00e4inud Euroopa Komisjoni asepresident Roxana M\u00eenzatu kohtus mh ka majandus- ja t\u00f6\u00f6stusminister Erkki Keldoga, haridus- ja teadusminister Kristina Kallasega, sotsiaalminister Karmen Jolleriga ning Eesti iduettev\u00f5tete esindajatega.<\/p>\n","protected":false},"excerpt":{"rendered":"Vaesus saab alguse hariduse puudumisest. Kuidas seda ringi l\u00f5hkuda? Esimene asi, mida tuleb teha, on vaadata, et vaesusriskis&hellip;\n","protected":false},"author":2,"featured_media":38901,"comment_status":"","ping_status":"","sticky":false,"template":"","format":"standard","meta":{"footnotes":"","_share_on_mastodon":"0"},"categories":[80],"tags":[19712,26,27,37,33,35,19711,19707,34,36,2337,31,32,406,21,28,29,95,19,11832,25,19710,19713,23,24,19709,22,20,19708,30,92,93,94],"class_list":["post-38900","post","type-post","status-publish","format-standard","has-post-thumbnail","category-maailm","tag-2028-2034-eelarve","tag-breaking-news","tag-breakingnews","tag-ee","tag-eesti","tag-eesti-keel","tag-eesti-rahandusminister","tag-el-eelarve","tag-estonia","tag-estonian","tag-euroopa-komisjon","tag-featured-news","tag-featurednews","tag-haridus","tag-headlines","tag-latest-news","tag-latestnews","tag-maailm","tag-news","tag-oskused","tag-populaarseimad-lood","tag-roxana-minzatu","tag-sotsiaalne-moode","tag-top-stories","tag-topstories","tag-torjutus","tag-uldised-uudised","tag-uudised","tag-vaesuse-vastane-voitlus","tag-viimased-uudised","tag-world","tag-world-news","tag-worldnews"],"share_on_mastodon":{"url":"https:\/\/pubeurope.com\/@ee\/115524316909183468","error":""},"_links":{"self":[{"href":"https:\/\/www.europesays.com\/ee\/wp-json\/wp\/v2\/posts\/38900","targetHints":{"allow":["GET"]}}],"collection":[{"href":"https:\/\/www.europesays.com\/ee\/wp-json\/wp\/v2\/posts"}],"about":[{"href":"https:\/\/www.europesays.com\/ee\/wp-json\/wp\/v2\/types\/post"}],"author":[{"embeddable":true,"href":"https:\/\/www.europesays.com\/ee\/wp-json\/wp\/v2\/users\/2"}],"replies":[{"embeddable":true,"href":"https:\/\/www.europesays.com\/ee\/wp-json\/wp\/v2\/comments?post=38900"}],"version-history":[{"count":0,"href":"https:\/\/www.europesays.com\/ee\/wp-json\/wp\/v2\/posts\/38900\/revisions"}],"wp:featuredmedia":[{"embeddable":true,"href":"https:\/\/www.europesays.com\/ee\/wp-json\/wp\/v2\/media\/38901"}],"wp:attachment":[{"href":"https:\/\/www.europesays.com\/ee\/wp-json\/wp\/v2\/media?parent=38900"}],"wp:term":[{"taxonomy":"category","embeddable":true,"href":"https:\/\/www.europesays.com\/ee\/wp-json\/wp\/v2\/categories?post=38900"},{"taxonomy":"post_tag","embeddable":true,"href":"https:\/\/www.europesays.com\/ee\/wp-json\/wp\/v2\/tags?post=38900"}],"curies":[{"name":"wp","href":"https:\/\/api.w.org\/{rel}","templated":true}]}}