{"id":38961,"date":"2025-11-10T08:57:07","date_gmt":"2025-11-10T08:57:07","guid":{"rendered":"https:\/\/www.europesays.com\/ee\/38961\/"},"modified":"2025-11-10T08:57:07","modified_gmt":"2025-11-10T08:57:07","slug":"ma-raagin-sellest-esimest-korda-hispaania-kuningas-avaldas-kuidas-ta-kogemata-oma-noorema-venna-tappis","status":"publish","type":"post","link":"https:\/\/www.europesays.com\/ee\/38961\/","title":{"rendered":"\u201eMa r\u00e4\u00e4gin sellest esimest korda&#8230;\u201c Hispaania kuningas avaldas, kuidas ta kogemata oma noorema venna tappis"},"content":{"rendered":"<p>Endine kuningliku perekonna liige, kes elab n\u00fc\u00fcd Dubais, avaldas sel n\u00e4dalal oma 500-lehek\u00fcljelise elulooraamatu, milles ta r\u00e4\u00e4gib esmakordselt oma venna Alfonso surmast. <\/p>\n<p>87- aastane Juan Carlos tunnistab lugejatele, et ta ei soovinud aastak\u00fcmneid sellest r\u00e4\u00e4kida ja tegemist on esimese korraga, kui ta seda teeb. Traumaatiline s\u00fcndmus, mis j\u00e4ttis pitseri tulevase kuninga edasisele elule, leidis aset 1956. aastal. Kaks teismelist venda olid aega veetmas perekonna Portugali kodus, \u00fchel hetkel j\u00f5udis nende k\u00e4tesse p\u00fcstol. <\/p>\n<p>Oled juba tellija?  Logi sisse <\/p>\n<p>       <a href=\"https:\/\/kroonika.delfi.ee\/artikkel\/120416036\/ma-raagin-sellest-esimest-korda-hispaania-kuningas-avaldas-kuidas-ta-oma-noorema-venna-kogemata-tappis\/kommentaarid\" class=\"article-body-bottom__comment article-body-bottom__comment--write button button--primary button--size-auto\" rel=\"nofollow noopener\" target=\"_blank\"><br \/>\n        Kommenteeri<br \/>\n       <\/a> <a href=\"https:\/\/kroonika.delfi.ee\/artikkel\/120416036\/ma-raagin-sellest-esimest-korda-hispaania-kuningas-avaldas-kuidas-ta-oma-noorema-venna-kogemata-tappis\/kommentaarid\" class=\"article-body-bottom__comment article-body-bottom__comment--read button button--size-auto\" rel=\"nofollow noopener\" target=\"_blank\"><br \/>\n        Loe kommentaare  <\/a>  <\/p>\n","protected":false},"excerpt":{"rendered":"Endine kuningliku perekonna liige, kes elab n\u00fc\u00fcd Dubais, avaldas sel n\u00e4dalal oma 500-lehek\u00fcljelise elulooraamatu, milles ta r\u00e4\u00e4gib esmakordselt&hellip;\n","protected":false},"author":2,"featured_media":38962,"comment_status":"","ping_status":"","sticky":false,"template":"","format":"standard","meta":{"footnotes":""},"categories":[80],"tags":[26,27,37,33,35,34,36,31,32,21,19727,28,29,95,19,25,23,24,22,20,30,92,93,94],"class_list":{"0":"post-38961","1":"post","2":"type-post","3":"status-publish","4":"format-standard","5":"has-post-thumbnail","7":"category-maailm","8":"tag-breaking-news","9":"tag-breakingnews","10":"tag-ee","11":"tag-eesti","12":"tag-eesti-keel","13":"tag-estonia","14":"tag-estonian","15":"tag-featured-news","16":"tag-featurednews","17":"tag-headlines","18":"tag-juan-carlos","19":"tag-latest-news","20":"tag-latestnews","21":"tag-maailm","22":"tag-news","23":"tag-populaarseimad-lood","24":"tag-top-stories","25":"tag-topstories","26":"tag-uldised-uudised","27":"tag-uudised","28":"tag-viimased-uudised","29":"tag-world","30":"tag-world-news","31":"tag-worldnews"},"share_on_mastodon":{"url":"https:\/\/pubeurope.com\/@ee\/115524576458790847","error":""},"_links":{"self":[{"href":"https:\/\/www.europesays.com\/ee\/wp-json\/wp\/v2\/posts\/38961","targetHints":{"allow":["GET"]}}],"collection":[{"href":"https:\/\/www.europesays.com\/ee\/wp-json\/wp\/v2\/posts"}],"about":[{"href":"https:\/\/www.europesays.com\/ee\/wp-json\/wp\/v2\/types\/post"}],"author":[{"embeddable":true,"href":"https:\/\/www.europesays.com\/ee\/wp-json\/wp\/v2\/users\/2"}],"replies":[{"embeddable":true,"href":"https:\/\/www.europesays.com\/ee\/wp-json\/wp\/v2\/comments?post=38961"}],"version-history":[{"count":0,"href":"https:\/\/www.europesays.com\/ee\/wp-json\/wp\/v2\/posts\/38961\/revisions"}],"wp:featuredmedia":[{"embeddable":true,"href":"https:\/\/www.europesays.com\/ee\/wp-json\/wp\/v2\/media\/38962"}],"wp:attachment":[{"href":"https:\/\/www.europesays.com\/ee\/wp-json\/wp\/v2\/media?parent=38961"}],"wp:term":[{"taxonomy":"category","embeddable":true,"href":"https:\/\/www.europesays.com\/ee\/wp-json\/wp\/v2\/categories?post=38961"},{"taxonomy":"post_tag","embeddable":true,"href":"https:\/\/www.europesays.com\/ee\/wp-json\/wp\/v2\/tags?post=38961"}],"curies":[{"name":"wp","href":"https:\/\/api.w.org\/{rel}","templated":true}]}}