{"id":39199,"date":"2025-11-10T13:36:12","date_gmt":"2025-11-10T13:36:12","guid":{"rendered":"https:\/\/www.europesays.com\/ee\/39199\/"},"modified":"2025-11-10T13:36:12","modified_gmt":"2025-11-10T13:36:12","slug":"koolisooklates-kaalutakse-toidujaatmed-ule","status":"publish","type":"post","link":"https:\/\/www.europesays.com\/ee\/39199\/","title":{"rendered":"Koolis\u00f6\u00f6klates kaalutakse toiduj\u00e4\u00e4tmed \u00fcle"},"content":{"rendered":"<p>\u00c4ravisatud toidukogused kaalutakse iga p\u00e4ev \u00fcle ning n\u00e4dala l\u00f5pus selgub v\u00f5itja ehk kool, kus \u00f5pilase kohta raisatakse k\u00f5ige v\u00e4hem toitu.<\/p>\n<p>Daily korraldab raiskamisvastast v\u00f5istlust juba viiendat aastat. Daily kaubam\u00e4rgi all koolitoitu pakkuva Baltic Restaurants Estonia turundus- ja m\u00fc\u00fcgijuht Tiiu Endriksoni s\u00f5nul on koolidevahelisest v\u00f5istlusest olnud selget kasu \u2013 juba esimesel aastal v\u00e4henes toiduj\u00e4\u00e4tmete maht 20 protsenti, aasta hiljem veel 10 protsenti ning p\u00e4rast seda veel umbes 5 protsenti aastas.<\/p>\n","protected":false},"excerpt":{"rendered":"\u00c4ravisatud toidukogused kaalutakse iga p\u00e4ev \u00fcle ning n\u00e4dala l\u00f5pus selgub v\u00f5itja ehk kool, kus \u00f5pilase kohta raisatakse k\u00f5ige&hellip;\n","protected":false},"author":2,"featured_media":39200,"comment_status":"","ping_status":"","sticky":false,"template":"","format":"standard","meta":{"footnotes":"","_share_on_mastodon":"0"},"categories":[5],"tags":[19823,26,27,8078,37,33,35,34,36,31,32,21,28,29,19,25,19824,23,24,22,20,30],"class_list":["post-39199","post","type-post","status-publish","format-standard","has-post-thumbnail","category-uldised-uudised","tag-baltic-restaurants-estonia","tag-breaking-news","tag-breakingnews","tag-daily","tag-ee","tag-eesti","tag-eesti-keel","tag-estonia","tag-estonian","tag-featured-news","tag-featurednews","tag-headlines","tag-latest-news","tag-latestnews","tag-news","tag-populaarseimad-lood","tag-tiiu-endrikson","tag-top-stories","tag-topstories","tag-uldised-uudised","tag-uudised","tag-viimased-uudised"],"share_on_mastodon":{"url":"https:\/\/pubeurope.com\/@ee\/115525673476068205","error":""},"_links":{"self":[{"href":"https:\/\/www.europesays.com\/ee\/wp-json\/wp\/v2\/posts\/39199","targetHints":{"allow":["GET"]}}],"collection":[{"href":"https:\/\/www.europesays.com\/ee\/wp-json\/wp\/v2\/posts"}],"about":[{"href":"https:\/\/www.europesays.com\/ee\/wp-json\/wp\/v2\/types\/post"}],"author":[{"embeddable":true,"href":"https:\/\/www.europesays.com\/ee\/wp-json\/wp\/v2\/users\/2"}],"replies":[{"embeddable":true,"href":"https:\/\/www.europesays.com\/ee\/wp-json\/wp\/v2\/comments?post=39199"}],"version-history":[{"count":0,"href":"https:\/\/www.europesays.com\/ee\/wp-json\/wp\/v2\/posts\/39199\/revisions"}],"wp:featuredmedia":[{"embeddable":true,"href":"https:\/\/www.europesays.com\/ee\/wp-json\/wp\/v2\/media\/39200"}],"wp:attachment":[{"href":"https:\/\/www.europesays.com\/ee\/wp-json\/wp\/v2\/media?parent=39199"}],"wp:term":[{"taxonomy":"category","embeddable":true,"href":"https:\/\/www.europesays.com\/ee\/wp-json\/wp\/v2\/categories?post=39199"},{"taxonomy":"post_tag","embeddable":true,"href":"https:\/\/www.europesays.com\/ee\/wp-json\/wp\/v2\/tags?post=39199"}],"curies":[{"name":"wp","href":"https:\/\/api.w.org\/{rel}","templated":true}]}}