{"id":39308,"date":"2025-11-10T15:40:09","date_gmt":"2025-11-10T15:40:09","guid":{"rendered":"https:\/\/www.europesays.com\/ee\/39308\/"},"modified":"2025-11-10T15:40:09","modified_gmt":"2025-11-10T15:40:09","slug":"soojatrassi-ehitus-viib-autojuhid-tartu-tanavalt-korgemaele","status":"publish","type":"post","link":"https:\/\/www.europesays.com\/ee\/39308\/","title":{"rendered":"Soojatrassi ehitus viib autojuhid Tartu t\u00e4navalt K\u00f5rgem\u00e4ele"},"content":{"rendered":"<p>Linnavalitsus andis teada, et autod suunatakse \u00fcmber M\u00e4e, Posti ja K\u00f5rgem\u00e4e t\u00e4nava kaudu. Jalak\u00e4ijad saavad t\u00e4naval endiselt edasi-tagasi k\u00f5ndida.\u00a0<\/p>\n<p>Linnavalitsuse teedespetsialisti Heikki Teearu s\u00f5nul kestab t\u00f6\u00f6 kolm p\u00e4eva ning n\u00e4dala teisel poolel saavad s\u00f5idukid j\u00e4lle Tartu t\u00e4naval harjumusp\u00e4raselt liigelda.\u00a0&#8220;Tavap\u00e4rane liiklus taastatakse hiljemalt neljap\u00e4evaks,&#8221;\u00a0lubas ta.<\/p>\n<p>T\u00f6id teeb osa\u00fching 7 Kuud\u00a0ning tellija\u00a0on soojatootja Gren Viljandi.<\/p>\n","protected":false},"excerpt":{"rendered":"Linnavalitsus andis teada, et autod suunatakse \u00fcmber M\u00e4e, Posti ja K\u00f5rgem\u00e4e t\u00e4nava kaudu. Jalak\u00e4ijad saavad t\u00e4naval endiselt edasi-tagasi&hellip;\n","protected":false},"author":2,"featured_media":39309,"comment_status":"","ping_status":"","sticky":false,"template":"","format":"standard","meta":{"footnotes":"","_share_on_mastodon":"0"},"categories":[5],"tags":[26,27,37,33,35,1644,34,36,31,32,21,19889,28,29,19,25,19888,19887,23,24,22,20,30],"class_list":["post-39308","post","type-post","status-publish","format-standard","has-post-thumbnail","category-uldised-uudised","tag-breaking-news","tag-breakingnews","tag-ee","tag-eesti","tag-eesti-keel","tag-ehitus","tag-estonia","tag-estonian","tag-featured-news","tag-featurednews","tag-headlines","tag-heikki-teearu","tag-latest-news","tag-latestnews","tag-news","tag-populaarseimad-lood","tag-soojatrass","tag-teetoo","tag-top-stories","tag-topstories","tag-uldised-uudised","tag-uudised","tag-viimased-uudised"],"share_on_mastodon":{"url":"https:\/\/pubeurope.com\/@ee\/115526161091643252","error":""},"_links":{"self":[{"href":"https:\/\/www.europesays.com\/ee\/wp-json\/wp\/v2\/posts\/39308","targetHints":{"allow":["GET"]}}],"collection":[{"href":"https:\/\/www.europesays.com\/ee\/wp-json\/wp\/v2\/posts"}],"about":[{"href":"https:\/\/www.europesays.com\/ee\/wp-json\/wp\/v2\/types\/post"}],"author":[{"embeddable":true,"href":"https:\/\/www.europesays.com\/ee\/wp-json\/wp\/v2\/users\/2"}],"replies":[{"embeddable":true,"href":"https:\/\/www.europesays.com\/ee\/wp-json\/wp\/v2\/comments?post=39308"}],"version-history":[{"count":0,"href":"https:\/\/www.europesays.com\/ee\/wp-json\/wp\/v2\/posts\/39308\/revisions"}],"wp:featuredmedia":[{"embeddable":true,"href":"https:\/\/www.europesays.com\/ee\/wp-json\/wp\/v2\/media\/39309"}],"wp:attachment":[{"href":"https:\/\/www.europesays.com\/ee\/wp-json\/wp\/v2\/media?parent=39308"}],"wp:term":[{"taxonomy":"category","embeddable":true,"href":"https:\/\/www.europesays.com\/ee\/wp-json\/wp\/v2\/categories?post=39308"},{"taxonomy":"post_tag","embeddable":true,"href":"https:\/\/www.europesays.com\/ee\/wp-json\/wp\/v2\/tags?post=39308"}],"curies":[{"name":"wp","href":"https:\/\/api.w.org\/{rel}","templated":true}]}}