{"id":39667,"date":"2025-11-11T05:59:08","date_gmt":"2025-11-11T05:59:08","guid":{"rendered":"https:\/\/www.europesays.com\/ee\/39667\/"},"modified":"2025-11-11T05:59:08","modified_gmt":"2025-11-11T05:59:08","slug":"zelenskoi-sonul-norgestab-ukraina-venemaad-omaenda-kaugmaarelvadega","status":"publish","type":"post","link":"https:\/\/www.europesays.com\/ee\/39667\/","title":{"rendered":"Zelensk\u00f5i s\u00f5nul n\u00f5rgestab Ukraina Venemaad omaenda kaugmaarelvadega"},"content":{"rendered":"<p>\u00abKuulasin kaitseminister Den\u00f5ss \u0160m\u00f5hali ettekannet. Aasta l\u00f5puks peame relvatarnete ja kaitset\u00f6\u00f6stuse osas t\u00e4itma k\u00f5ik \u00fclesanded, mis on seatud rinde toetamiseks, meie armee rahastamiseks ja meie kaugl\u00f6\u00f6kide l\u00e4biviimiseks,\u00bb r\u00e4\u00e4kis Zelensk\u00f5i.<\/p>\n<p>Riigipea s\u00f5nul kasutab Ukraina n\u00fc\u00fcd oma kaugmaarelvi Venemaa vastu peaaegu iga p\u00e4ev ja saavutab selgeid tulemusi Venemaa v\u00f5imekuse v\u00e4henemise n\u00e4ol.<\/p>\n","protected":false},"excerpt":{"rendered":"\u00abKuulasin kaitseminister Den\u00f5ss \u0160m\u00f5hali ettekannet. Aasta l\u00f5puks peame relvatarnete ja kaitset\u00f6\u00f6stuse osas t\u00e4itma k\u00f5ik \u00fclesanded, mis on seatud&hellip;\n","protected":false},"author":2,"featured_media":39668,"comment_status":"","ping_status":"","sticky":false,"template":"","format":"standard","meta":{"footnotes":"","_share_on_mastodon":"0"},"categories":[80],"tags":[26,27,11934,37,33,35,34,36,31,32,892,21,28,29,20037,95,19,25,1840,23,24,1154,22,20,96,30,263,92,93,94],"class_list":["post-39667","post","type-post","status-publish","format-standard","has-post-thumbnail","category-maailm","tag-breaking-news","tag-breakingnews","tag-denoss-smohal","tag-ee","tag-eesti","tag-eesti-keel","tag-estonia","tag-estonian","tag-featured-news","tag-featurednews","tag-harkiv","tag-headlines","tag-latest-news","tag-latestnews","tag-louna-ukraina","tag-maailm","tag-news","tag-populaarseimad-lood","tag-sumo","tag-top-stories","tag-topstories","tag-ukrinform","tag-uldised-uudised","tag-uudised","tag-venemaa","tag-viimased-uudised","tag-volodomor-zelenskoi","tag-world","tag-world-news","tag-worldnews"],"share_on_mastodon":{"url":"https:\/\/pubeurope.com\/@ee\/115529539023967643","error":""},"_links":{"self":[{"href":"https:\/\/www.europesays.com\/ee\/wp-json\/wp\/v2\/posts\/39667","targetHints":{"allow":["GET"]}}],"collection":[{"href":"https:\/\/www.europesays.com\/ee\/wp-json\/wp\/v2\/posts"}],"about":[{"href":"https:\/\/www.europesays.com\/ee\/wp-json\/wp\/v2\/types\/post"}],"author":[{"embeddable":true,"href":"https:\/\/www.europesays.com\/ee\/wp-json\/wp\/v2\/users\/2"}],"replies":[{"embeddable":true,"href":"https:\/\/www.europesays.com\/ee\/wp-json\/wp\/v2\/comments?post=39667"}],"version-history":[{"count":0,"href":"https:\/\/www.europesays.com\/ee\/wp-json\/wp\/v2\/posts\/39667\/revisions"}],"wp:featuredmedia":[{"embeddable":true,"href":"https:\/\/www.europesays.com\/ee\/wp-json\/wp\/v2\/media\/39668"}],"wp:attachment":[{"href":"https:\/\/www.europesays.com\/ee\/wp-json\/wp\/v2\/media?parent=39667"}],"wp:term":[{"taxonomy":"category","embeddable":true,"href":"https:\/\/www.europesays.com\/ee\/wp-json\/wp\/v2\/categories?post=39667"},{"taxonomy":"post_tag","embeddable":true,"href":"https:\/\/www.europesays.com\/ee\/wp-json\/wp\/v2\/tags?post=39667"}],"curies":[{"name":"wp","href":"https:\/\/api.w.org\/{rel}","templated":true}]}}