{"id":39755,"date":"2025-11-11T08:00:08","date_gmt":"2025-11-11T08:00:08","guid":{"rendered":"https:\/\/www.europesays.com\/ee\/39755\/"},"modified":"2025-11-11T08:00:08","modified_gmt":"2025-11-11T08:00:08","slug":"ajalooline-kohtumine-%e2%9f%a9-suuria-liitub-trumpi-ja-al-sharaa-kohtumise-jarel-usa-juhitud-islamiriigi-vastase-liiduga","status":"publish","type":"post","link":"https:\/\/www.europesays.com\/ee\/39755\/","title":{"rendered":"AJALOOLINE KOHTUMINE \u27e9 S\u00fc\u00fcria liitub Trumpi ja al-Sharaa kohtumise j\u00e4rel USA juhitud Islamiriigi vastase liiduga"},"content":{"rendered":"<p>Sharaa, kelle m\u00e4ssulised v\u00e4ed kukutasid mullu kauaaegse autoritaarse valitseja Bashar al-Assadi, on esimene S\u00fc\u00fcria liider, kes k\u00fclastab Valget Maja p\u00e4rast riigi iseseisvumist 1946. aastal. USA eemaldas al-Sharaa terrorismi mustast nimekirjast alles reedel.<\/p>\n<p>Washington eemaldas varem Al-Qaedaga seotud Sharaa r\u00fchmituse Hayat Tahrir al-Sham (HTS) terrorir\u00fchmituste nimekirjast alles juulis.<\/p>\n","protected":false},"excerpt":{"rendered":"Sharaa, kelle m\u00e4ssulised v\u00e4ed kukutasid mullu kauaaegse autoritaarse valitseja Bashar al-Assadi, on esimene S\u00fc\u00fcria liider, kes k\u00fclastab Valget&hellip;\n","protected":false},"author":2,"featured_media":39756,"comment_status":"","ping_status":"","sticky":false,"template":"","format":"standard","meta":{"footnotes":"","_share_on_mastodon":"0"},"categories":[80],"tags":[5950,587,9128,26,27,324,37,33,35,34,36,31,32,21,9585,11119,28,29,95,1894,19,25,2797,1604,99,23,24,22,20,1900,30,92,93,94],"class_list":["post-39755","post","type-post","status-publish","format-standard","has-post-thumbnail","category-maailm","tag-ahmed-al-sharaa","tag-ameerika-uhendriigid","tag-bashar-al-assad","tag-breaking-news","tag-breakingnews","tag-donald-trump","tag-ee","tag-eesti","tag-eesti-keel","tag-estonia","tag-estonian","tag-featured-news","tag-featurednews","tag-headlines","tag-islamiriik","tag-kohtumine","tag-latest-news","tag-latestnews","tag-maailm","tag-marco-rubio","tag-news","tag-populaarseimad-lood","tag-sanktsioonid","tag-suuria","tag-terrorism","tag-top-stories","tag-topstories","tag-uldised-uudised","tag-uudised","tag-valge-maja","tag-viimased-uudised","tag-world","tag-world-news","tag-worldnews"],"share_on_mastodon":{"url":"","error":"Validation failed: Text character limit of 500 exceeded"},"_links":{"self":[{"href":"https:\/\/www.europesays.com\/ee\/wp-json\/wp\/v2\/posts\/39755","targetHints":{"allow":["GET"]}}],"collection":[{"href":"https:\/\/www.europesays.com\/ee\/wp-json\/wp\/v2\/posts"}],"about":[{"href":"https:\/\/www.europesays.com\/ee\/wp-json\/wp\/v2\/types\/post"}],"author":[{"embeddable":true,"href":"https:\/\/www.europesays.com\/ee\/wp-json\/wp\/v2\/users\/2"}],"replies":[{"embeddable":true,"href":"https:\/\/www.europesays.com\/ee\/wp-json\/wp\/v2\/comments?post=39755"}],"version-history":[{"count":0,"href":"https:\/\/www.europesays.com\/ee\/wp-json\/wp\/v2\/posts\/39755\/revisions"}],"wp:featuredmedia":[{"embeddable":true,"href":"https:\/\/www.europesays.com\/ee\/wp-json\/wp\/v2\/media\/39756"}],"wp:attachment":[{"href":"https:\/\/www.europesays.com\/ee\/wp-json\/wp\/v2\/media?parent=39755"}],"wp:term":[{"taxonomy":"category","embeddable":true,"href":"https:\/\/www.europesays.com\/ee\/wp-json\/wp\/v2\/categories?post=39755"},{"taxonomy":"post_tag","embeddable":true,"href":"https:\/\/www.europesays.com\/ee\/wp-json\/wp\/v2\/tags?post=39755"}],"curies":[{"name":"wp","href":"https:\/\/api.w.org\/{rel}","templated":true}]}}