{"id":40412,"date":"2025-11-11T23:59:11","date_gmt":"2025-11-11T23:59:11","guid":{"rendered":"https:\/\/www.europesays.com\/ee\/40412\/"},"modified":"2025-11-11T23:59:11","modified_gmt":"2025-11-11T23:59:11","slug":"video-%e2%9f%a9-sajad-inimesed-protestisid-belgradis-trumpi-vaimehe-luksushotelli-vastu","status":"publish","type":"post","link":"https:\/\/www.europesays.com\/ee\/40412\/","title":{"rendered":"VIDEO \u27e9 Sajad inimesed protestisid Belgradis Trumpi v\u00e4imehe luksushotelli vastu"},"content":{"rendered":"<p>\u00dcli\u00f5pilaste korraldatud meeleavaldus toimus neli p\u00e4eva p\u00e4rast seda, kui Serbia parlament v\u00f5ttis vastu eriseaduse, mis liigitab pommitabamuse saanud Jugoslaavia s\u00f5jav\u00e4e peakorteri \u00fcmberehitamise kiireloomuliseks projektiks ja tagab sellele kiirema lubade saamise.<\/p>\n<p>Ivanka Trumpiga abielus oleva ja Donald Trumpi endise vanemn\u00f5uniku Kushneri plaan on tundlik teema, sest 60-aastane peakorter sai tabamuse USA juhitud NATO pommir\u00fcnnakutes, mille eesm\u00e4rk oli l\u00f5petada aastatel 1998\u20131999 toimunud Kosovo s\u00f5da.<\/p>\n","protected":false},"excerpt":{"rendered":"\u00dcli\u00f5pilaste korraldatud meeleavaldus toimus neli p\u00e4eva p\u00e4rast seda, kui Serbia parlament v\u00f5ttis vastu eriseaduse, mis liigitab pommitabamuse saanud&hellip;\n","protected":false},"author":2,"featured_media":40413,"comment_status":"","ping_status":"","sticky":false,"template":"","format":"standard","meta":{"footnotes":"","_share_on_mastodon":"0"},"categories":[5],"tags":[13865,13864,26,27,324,37,33,35,34,36,31,32,21,8831,28,29,19,25,3822,23,24,22,20,30],"class_list":["post-40412","post","type-post","status-publish","format-standard","has-post-thumbnail","category-uldised-uudised","tag-aleksandar-vucic","tag-belgrad","tag-breaking-news","tag-breakingnews","tag-donald-trump","tag-ee","tag-eesti","tag-eesti-keel","tag-estonia","tag-estonian","tag-featured-news","tag-featurednews","tag-headlines","tag-jared-kushner","tag-latest-news","tag-latestnews","tag-news","tag-populaarseimad-lood","tag-serbia","tag-top-stories","tag-topstories","tag-uldised-uudised","tag-uudised","tag-viimased-uudised"],"share_on_mastodon":{"url":"https:\/\/pubeurope.com\/@ee\/115533785563107956","error":""},"_links":{"self":[{"href":"https:\/\/www.europesays.com\/ee\/wp-json\/wp\/v2\/posts\/40412","targetHints":{"allow":["GET"]}}],"collection":[{"href":"https:\/\/www.europesays.com\/ee\/wp-json\/wp\/v2\/posts"}],"about":[{"href":"https:\/\/www.europesays.com\/ee\/wp-json\/wp\/v2\/types\/post"}],"author":[{"embeddable":true,"href":"https:\/\/www.europesays.com\/ee\/wp-json\/wp\/v2\/users\/2"}],"replies":[{"embeddable":true,"href":"https:\/\/www.europesays.com\/ee\/wp-json\/wp\/v2\/comments?post=40412"}],"version-history":[{"count":0,"href":"https:\/\/www.europesays.com\/ee\/wp-json\/wp\/v2\/posts\/40412\/revisions"}],"wp:featuredmedia":[{"embeddable":true,"href":"https:\/\/www.europesays.com\/ee\/wp-json\/wp\/v2\/media\/40413"}],"wp:attachment":[{"href":"https:\/\/www.europesays.com\/ee\/wp-json\/wp\/v2\/media?parent=40412"}],"wp:term":[{"taxonomy":"category","embeddable":true,"href":"https:\/\/www.europesays.com\/ee\/wp-json\/wp\/v2\/categories?post=40412"},{"taxonomy":"post_tag","embeddable":true,"href":"https:\/\/www.europesays.com\/ee\/wp-json\/wp\/v2\/tags?post=40412"}],"curies":[{"name":"wp","href":"https:\/\/api.w.org\/{rel}","templated":true}]}}