{"id":41021,"date":"2025-11-12T18:50:14","date_gmt":"2025-11-12T18:50:14","guid":{"rendered":"https:\/\/www.europesays.com\/ee\/41021\/"},"modified":"2025-11-12T18:50:14","modified_gmt":"2025-11-12T18:50:14","slug":"sorloth-ei-saa-eestiga-mangu-tottu-norra-suusastaari-dokumentaalfilmi-esilinastusel-osaleda-soccernet-ee","status":"publish","type":"post","link":"https:\/\/www.europesays.com\/ee\/41021\/","title":{"rendered":"S\u00f6rloth ei saa Eestiga m\u00e4ngu t\u00f5ttu Norra suusastaari dokumentaalfilmi esilinastusel osaleda &#8211; Soccernet.ee"},"content":{"rendered":"<p><img decoding=\"async\" src=\"https:\/\/www.europesays.com\/ee\/wp-content\/uploads\/2025\/11\/1762946982.jpg\" alt=\"Alexander S\u00f6rloth (vasakul), Joseph Saliste ja M\u00e4rten Kuusk A. Le Coq Arenal toimunud MM-valikm\u00e4ngus. Foto: Liisi Troska \/ jalgpall.ee\"\/>&#13;\n<\/p>\n<p>Norra koondise r\u00fcndaja Alexander S\u00f6rloth r\u00e4\u00e4kis enne kohtumist Eestiga, et ei saa m\u00e4ngu t\u00f5ttu osaleda oma v\u00e4ga hea s\u00f5bra dokumentaalfilmi esilinastusel.<\/p>\n<p>T\u00e4na \u00f5htul esilinastub Oslos dokumentaalfilm 29-aastasest Norra murdmaasuusatajast Johannes H\u00f6sflot Klaebost, kes v\u00f5itis m\u00f6\u00f6dunud talvel Trondheimis toimunud maailmameistriv\u00f5istlustelt kuus kuldmedalit. Ta on karj\u00e4\u00e4ri jooksul kokku v\u00f5itnud 15 kulda maailmameistriv\u00f5istlustelt ja viis kulda ol\u00fcmpiam\u00e4ngudelt.&#13;\n<\/p>\n<p>Kinok\u00fclastajate nimekirjas on paljud Norra spordiinimesed, sealhulgas jalgpallikoondise 29-aastane r\u00fcndaja S\u00f6rloth. &#8220;Panin selle juba ammu kirja,&#8221; s\u00f5nas S\u00f6rloth, kuid lisas, et j\u00e4tab koondisem\u00e4ngu t\u00f5ttu kinok\u00fclastuse siiski vahele. &#8220;See on p\u00e4ev enne m\u00e4ngu. Mulle meeldib hotellis olla ja m\u00e4nguks valmistuda,&#8221; lisas S\u00f6rloth m\u00e4ngueelsel pressikonverentsil.&#13;\n<\/p>\n<p>Kuna MM-pilet on Norra jaoks sisuliselt vaid vormistamise k\u00fcsimus, siis uuriti S\u00f6rlothilt, kuidas sellises olukorras s\u00e4ilitada k\u00fclma pead ja olla sajaprotsendiliselt keskendunud. &#8220;Olen selles m\u00e4ngus nii kaua olnud. K\u00f5ik inimesed minu \u00fcmber teavad, kuidas nad peavad k\u00e4ituma. Olen klubijalgpalli t\u00f5ttu sellise survega harjunud,&#8221; s\u00f5nas S\u00f6rloth, kes kuulub praegu Hispaania suurklubi Atletico Madridi ridadesse.<\/p>\n<p>Juhul kui Norra saab homme \u00f5htul kodus Eestist jagu, siis koht MM-finaalturniiril on v\u00e4ga suure t\u00f5en\u00e4osusega kindel. Norra juhib MM-valikgruppi Itaalia ees kolme punktiga ja m\u00f5lemal on j\u00e4\u00e4nud m\u00e4ngida kaks kohtumist, sealhulgas omavaheline m\u00e4ng 16. novembril Milanos. Isegi kui meeskonnad l\u00f5petavad samadel punktidel, siis Norra kasuks r\u00e4\u00e4gib selgelt parem v\u00e4ravate vahe &#8211; Norral on see praeguse seisuga 29:3 ja Itaalial 18:8.&#13;\n<\/p>\n<p>Norra meeste koondis m\u00e4ngis viimati MM-finaalturniiril 1998. aastal. Kaks aastat hiljem m\u00e4ngiti ka EM-finaalturniiril, kuid p\u00e4rast seda pole tiitliv\u00f5istlustele asja olnud.&#13;<\/p>\n","protected":false},"excerpt":{"rendered":"&#13; Norra koondise r\u00fcndaja Alexander S\u00f6rloth r\u00e4\u00e4kis enne kohtumist Eestiga, et ei saa m\u00e4ngu t\u00f5ttu osaleda oma v\u00e4ga&hellip;\n","protected":false},"author":2,"featured_media":41022,"comment_status":"","ping_status":"","sticky":false,"template":"","format":"standard","meta":{"footnotes":""},"categories":[18],"tags":[20622,37,33,35,5289,5290,34,36,10181,6890,1437,5846,1749,159,158],"class_list":{"0":"post-41021","1":"post","2":"type-post","3":"status-publish","4":"format-standard","5":"has-post-thumbnail","7":"category-sport","8":"tag-alexander-sorloth","9":"tag-ee","10":"tag-eesti","11":"tag-eesti-keel","12":"tag-eesti-koondis","13":"tag-eesti-meeste-koondis","14":"tag-estonia","15":"tag-estonian","16":"tag-mm-valiksari","17":"tag-mm2026","18":"tag-norra","19":"tag-norra-koondis","20":"tag-sorloth","21":"tag-sport","22":"tag-sports"},"share_on_mastodon":{"url":"https:\/\/pubeurope.com\/@ee\/115538232887687273","error":""},"_links":{"self":[{"href":"https:\/\/www.europesays.com\/ee\/wp-json\/wp\/v2\/posts\/41021","targetHints":{"allow":["GET"]}}],"collection":[{"href":"https:\/\/www.europesays.com\/ee\/wp-json\/wp\/v2\/posts"}],"about":[{"href":"https:\/\/www.europesays.com\/ee\/wp-json\/wp\/v2\/types\/post"}],"author":[{"embeddable":true,"href":"https:\/\/www.europesays.com\/ee\/wp-json\/wp\/v2\/users\/2"}],"replies":[{"embeddable":true,"href":"https:\/\/www.europesays.com\/ee\/wp-json\/wp\/v2\/comments?post=41021"}],"version-history":[{"count":0,"href":"https:\/\/www.europesays.com\/ee\/wp-json\/wp\/v2\/posts\/41021\/revisions"}],"wp:featuredmedia":[{"embeddable":true,"href":"https:\/\/www.europesays.com\/ee\/wp-json\/wp\/v2\/media\/41022"}],"wp:attachment":[{"href":"https:\/\/www.europesays.com\/ee\/wp-json\/wp\/v2\/media?parent=41021"}],"wp:term":[{"taxonomy":"category","embeddable":true,"href":"https:\/\/www.europesays.com\/ee\/wp-json\/wp\/v2\/categories?post=41021"},{"taxonomy":"post_tag","embeddable":true,"href":"https:\/\/www.europesays.com\/ee\/wp-json\/wp\/v2\/tags?post=41021"}],"curies":[{"name":"wp","href":"https:\/\/api.w.org\/{rel}","templated":true}]}}