{"id":41213,"date":"2025-11-13T03:43:07","date_gmt":"2025-11-13T03:43:07","guid":{"rendered":"https:\/\/www.europesays.com\/ee\/41213\/"},"modified":"2025-11-13T03:43:07","modified_gmt":"2025-11-13T03:43:07","slug":"mulgi-vallas-koalitsiooni-paasenud-ekre-osakonna-esimees-pani-nurinate-vaigistamiseks-ameti-maha","status":"publish","type":"post","link":"https:\/\/www.europesays.com\/ee\/41213\/","title":{"rendered":"Mulgi vallas koalitsiooni p\u00e4\u00e4senud EKRE osakonna esimees pani nurinate vaigistamiseks ameti maha"},"content":{"rendered":"<p>Enn Sarv k\u00f5neles kolmap\u00e4eval, et tagasiastumise otsus\u00a0johtus sellest, et koalitsiooni loomine valimisliiduga Omakandi tekitas osakonna\u00a0liikmetes ja juhatuses pingeid. &#8220;Minu juhatuse liikmed soovisid minna teise liitu ja teha kolmikliidu, ent kuna meid ei kutsutud l\u00e4bir\u00e4\u00e4kimistele, siis meie Hans Neppoga kui vallavolinikud alustasime l\u00e4bir\u00e4\u00e4kimisi siiski Omakandi valimisliiduga, sest nemad kutsusid meid l\u00e4bir\u00e4\u00e4kimistele,&#8221; selgitas ta.<\/p>\n<p>\u200bSelleks, et tekkinud pingeid maandada, astus\u00a0Sarv oma kinnitusel eelmise n\u00e4dala l\u00f5pus tagasi ning tema viimaseks niinimetatud t\u00f6\u00f6p\u00e4evaks j\u00e4i neljap\u00e4ev. &#8220;Aga ma astusin selle sammu t\u00f5esti vabatahtlikult, et me saaksime n\u00fc\u00fcd ikka rahus edasi minna,&#8221; r\u00e4\u00e4kis ta ning lisas muheldes, et kuna ta on endiselt osakonna juhatuse liige, siis j\u00e4tkuvad ka t\u00f6\u00f6p\u00e4evad.<\/p>\n","protected":false},"excerpt":{"rendered":"Enn Sarv k\u00f5neles kolmap\u00e4eval, et tagasiastumise otsus\u00a0johtus sellest, et koalitsiooni loomine valimisliiduga Omakandi tekitas osakonna\u00a0liikmetes ja juhatuses pingeid.&hellip;\n","protected":false},"author":2,"featured_media":41214,"comment_status":"","ping_status":"","sticky":false,"template":"","format":"standard","meta":{"footnotes":""},"categories":[5],"tags":[26,27,37,33,35,34,36,31,32,21,28,29,1778,19,999,25,23,24,22,20,30],"class_list":{"0":"post-41213","1":"post","2":"type-post","3":"status-publish","4":"format-standard","5":"has-post-thumbnail","7":"category-uldised-uudised","8":"tag-breaking-news","9":"tag-breakingnews","10":"tag-ee","11":"tag-eesti","12":"tag-eesti-keel","13":"tag-estonia","14":"tag-estonian","15":"tag-featured-news","16":"tag-featurednews","17":"tag-headlines","18":"tag-latest-news","19":"tag-latestnews","20":"tag-mulgi-vald","21":"tag-news","22":"tag-poliitika","23":"tag-populaarseimad-lood","24":"tag-top-stories","25":"tag-topstories","26":"tag-uldised-uudised","27":"tag-uudised","28":"tag-viimased-uudised"},"share_on_mastodon":{"url":"https:\/\/pubeurope.com\/@ee\/115540328676136327","error":""},"_links":{"self":[{"href":"https:\/\/www.europesays.com\/ee\/wp-json\/wp\/v2\/posts\/41213","targetHints":{"allow":["GET"]}}],"collection":[{"href":"https:\/\/www.europesays.com\/ee\/wp-json\/wp\/v2\/posts"}],"about":[{"href":"https:\/\/www.europesays.com\/ee\/wp-json\/wp\/v2\/types\/post"}],"author":[{"embeddable":true,"href":"https:\/\/www.europesays.com\/ee\/wp-json\/wp\/v2\/users\/2"}],"replies":[{"embeddable":true,"href":"https:\/\/www.europesays.com\/ee\/wp-json\/wp\/v2\/comments?post=41213"}],"version-history":[{"count":0,"href":"https:\/\/www.europesays.com\/ee\/wp-json\/wp\/v2\/posts\/41213\/revisions"}],"wp:featuredmedia":[{"embeddable":true,"href":"https:\/\/www.europesays.com\/ee\/wp-json\/wp\/v2\/media\/41214"}],"wp:attachment":[{"href":"https:\/\/www.europesays.com\/ee\/wp-json\/wp\/v2\/media?parent=41213"}],"wp:term":[{"taxonomy":"category","embeddable":true,"href":"https:\/\/www.europesays.com\/ee\/wp-json\/wp\/v2\/categories?post=41213"},{"taxonomy":"post_tag","embeddable":true,"href":"https:\/\/www.europesays.com\/ee\/wp-json\/wp\/v2\/tags?post=41213"}],"curies":[{"name":"wp","href":"https:\/\/api.w.org\/{rel}","templated":true}]}}