{"id":41303,"date":"2025-11-13T07:12:07","date_gmt":"2025-11-13T07:12:07","guid":{"rendered":"https:\/\/www.europesays.com\/ee\/41303\/"},"modified":"2025-11-13T07:12:07","modified_gmt":"2025-11-13T07:12:07","slug":"zelenskoi-tanas-kanadat-uute-sanktsioonide-eest-venemaale-postimees","status":"publish","type":"post","link":"https:\/\/www.europesays.com\/ee\/41303\/","title":{"rendered":"Zelensk\u00f5i t\u00e4nas Kanadat uute sanktsioonide eest Venemaale &#8211; Postimees"},"content":{"rendered":"<ol>\n<li><a href=\"https:\/\/news.google.com\/rss\/articles\/CBMilAFBVV95cUxOc1ZwUlRPektidDV4QlBoZURvS0IxSS0yVk44TXZMck5LZk9CaDNVQmozTzVLdjVpUUMyQkk0bkc1a2s2cU5Zb3Q4Uld0YlZfY3lBVzhLQThrX0RzNVlfNEpyZVlHSkZrbHNZMW92Unc5T2hzd1A5VTdITnJqNmNMOVF1NlRGb2R1YzZscDJXOUpTTFdZ?oc=5\" target=\"_blank\" rel=\"nofollow noopener\">Zelensk\u00f5i t\u00e4nas Kanadat uute sanktsioonide eest Venemaale<\/a>&nbsp;&nbsp;Postimees<\/li>\n<li><a href=\"https:\/\/news.google.com\/rss\/articles\/CBMihAFBVV95cUxQMUZ2WllQMlBCNnlleS1KeU4weDBtdzhxRHRmN25qSjJPTWhjN3RpMFQ2OTNDRHUwR0lva2xqS2MyYU43dGZYZ1dTNzlIX0tvMFRmRVRHZk16ajI2eFRKdGNlWUR0WTFYZDAyVTU5N05mb1BVM09zWkFxbkE0VVhyNlQ0Rmc?oc=5\" target=\"_blank\" rel=\"nofollow noopener\">Ukraina tabas j\u00e4rjekordset naftak\u00e4itist Venemaal<\/a>&nbsp;&nbsp;ERR<\/li>\n<li><a href=\"https:\/\/news.google.com\/rss\/articles\/CBMi2gFBVV95cUxNclRKemFlcE9TakhCcGFLWE1YaTJyWHZySzBwTzZObzRWQnN2TkU5MGk4NVd3bDdLOWFydG5XLThXUXU4V0FYZEVTZHVXT2wxVFlXU0l1cjJnUWYzTkp2SURrRldJeXF1WGtXcVZWcUJPT1hEb3BhcTUyOGppUVIxVmdXQnFhb2lVRFcyNXlXdF8tMVZVZnMyZ09PMWs0cU5KeVFaZEJpR25JNFdwWEROUy1LQmx6WGNiTFB4RnZhYlF0NEJHNnU0emIzSzljaTFFWG5iam1KeHF2QQ?oc=5\" target=\"_blank\" rel=\"nofollow noopener\">Suurt osa Ukrainast kimbutavad elektrikatkestused. Riigi \u00fcks suurimaid energiatootjaid on rivist v\u00e4ljas<\/a>&nbsp;&nbsp;Delfi<\/li>\n<li><a href=\"https:\/\/news.google.com\/rss\/articles\/CBMickFVX3lxTE1PdXlGMmVRQmVGNGNhVENHdVBoLTlzOTFXdU1Pd3QyUXp1cEd4UW0zTktVSV9JX2dKQ3djUkowUUlmUnEzWXVORDFkYy1WLUp2SXhmQjdPTk5GRFVKNkc1ZVJiYlliU2pVektTanpRSzBudw?oc=5\" target=\"_blank\" rel=\"nofollow noopener\">Ukraina r\u00fcndas Tuapse naftasadamat<\/a>&nbsp;&nbsp;ERR<\/li>\n<li><a href=\"https:\/\/news.google.com\/rss\/articles\/CBMinAFBVV95cUxQTXFucDVod21OMG5rUlZFSDY2NFFhTGZCdFdtY2tVZHhINEpoN3FmZ2ktVEdtVVdLaktLME9Ya01YelcxOEMyQ0pMTDRnX01CbXh0WnlaS1JOQkw2WUkzY2E5QkI5XzA0WWxSU1VnV2pHVS1yUHVkaVdDRFd2WmdiQV9CQklUTU5qc3FoZ0RYXzJjWkd5ckJFR0I4M0Q?oc=5\" target=\"_blank\" rel=\"nofollow noopener\">Zelensk\u00f5i: Ukraina ja EL valmistavad ette uut sanktsioonipaketti<\/a>&nbsp;&nbsp;Postimees<\/li>\n<\/ol>\n","protected":false},"excerpt":{"rendered":"Zelensk\u00f5i t\u00e4nas Kanadat uute sanktsioonide eest Venemaale&nbsp;&nbsp;Postimees Ukraina tabas j\u00e4rjekordset naftak\u00e4itist Venemaal&nbsp;&nbsp;ERR Suurt osa Ukrainast kimbutavad elektrikatkestused. Riigi&hellip;\n","protected":false},"author":2,"featured_media":41304,"comment_status":"","ping_status":"","sticky":false,"template":"","format":"standard","meta":{"footnotes":"","_share_on_mastodon":"0"},"categories":[5],"tags":[587,26,27,324,37,33,35,34,36,3820,590,31,32,21,1554,28,29,19,25,52,660,23,24,262,1154,22,20,96,30,263],"class_list":["post-41303","post","type-post","status-publish","format-standard","has-post-thumbnail","category-uldised-uudised","tag-ameerika-uhendriigid","tag-breaking-news","tag-breakingnews","tag-donald-trump","tag-ee","tag-eesti","tag-eesti-keel","tag-estonia","tag-estonian","tag-euroopa-liidu","tag-euroopa-liit","tag-featured-news","tag-featurednews","tag-headlines","tag-kanada","tag-latest-news","tag-latestnews","tag-news","tag-populaarseimad-lood","tag-prantsusmaa","tag-suurbritannia","tag-top-stories","tag-topstories","tag-ukraina","tag-ukrinform","tag-uldised-uudised","tag-uudised","tag-venemaa","tag-viimased-uudised","tag-volodomor-zelenskoi"],"share_on_mastodon":{"url":"https:\/\/pubeurope.com\/@ee\/115541150477871423","error":""},"_links":{"self":[{"href":"https:\/\/www.europesays.com\/ee\/wp-json\/wp\/v2\/posts\/41303","targetHints":{"allow":["GET"]}}],"collection":[{"href":"https:\/\/www.europesays.com\/ee\/wp-json\/wp\/v2\/posts"}],"about":[{"href":"https:\/\/www.europesays.com\/ee\/wp-json\/wp\/v2\/types\/post"}],"author":[{"embeddable":true,"href":"https:\/\/www.europesays.com\/ee\/wp-json\/wp\/v2\/users\/2"}],"replies":[{"embeddable":true,"href":"https:\/\/www.europesays.com\/ee\/wp-json\/wp\/v2\/comments?post=41303"}],"version-history":[{"count":0,"href":"https:\/\/www.europesays.com\/ee\/wp-json\/wp\/v2\/posts\/41303\/revisions"}],"wp:featuredmedia":[{"embeddable":true,"href":"https:\/\/www.europesays.com\/ee\/wp-json\/wp\/v2\/media\/41304"}],"wp:attachment":[{"href":"https:\/\/www.europesays.com\/ee\/wp-json\/wp\/v2\/media?parent=41303"}],"wp:term":[{"taxonomy":"category","embeddable":true,"href":"https:\/\/www.europesays.com\/ee\/wp-json\/wp\/v2\/categories?post=41303"},{"taxonomy":"post_tag","embeddable":true,"href":"https:\/\/www.europesays.com\/ee\/wp-json\/wp\/v2\/tags?post=41303"}],"curies":[{"name":"wp","href":"https:\/\/api.w.org\/{rel}","templated":true}]}}