{"id":41815,"date":"2025-11-13T18:22:13","date_gmt":"2025-11-13T18:22:13","guid":{"rendered":"https:\/\/www.europesays.com\/ee\/41815\/"},"modified":"2025-11-13T18:22:13","modified_gmt":"2025-11-13T18:22:13","slug":"kremli-opositsionaarid-kritiseerisid-uut-el-i-viisakeeldu-vene-kodanikele","status":"publish","type":"post","link":"https:\/\/www.europesays.com\/ee\/41815\/","title":{"rendered":"Kremli opositsion\u00e4\u00e4rid kritiseerisid uut EL-i viisakeeldu Vene kodanikele"},"content":{"rendered":"<p>\u201eS\u00f5ja alustamist ja lootust liikuda Euroopas vabalt on raske \u00f5igustada,\u201c \u00fctles ELi v\u00e4lispoliitika juht <a rel=\"noopener nofollow\" target=\"_blank\" href=\"https:\/\/www.delfi.ee\/teema\/39416397\/kaja-kallas\" tag-id=\"39416397\">Kaja Kallas<\/a> uue keelu v\u00e4ljakuulutamisel. Reeglite karmistamine on vastus Venemaa droonide sissetungile Euroopa \u00f5huruumi ja Venemaaga seotud sabotaa\u017eiaktidele, lisas ta.<\/p>\n<p>Vene opositsion\u00e4\u00e4ride s\u00f5nul on ELi otsus hoopis kahjulik. \u201eKogu riiki ei saa s\u00fc\u00fcdistada selle valitsuse tegude eest,\u201c \u00fctles m\u00f6\u00f6dunud aastal vangide vahetuse k\u00e4igus vabastatud Vene opositsioonipoliitik <a rel=\"noopener nofollow\" target=\"_blank\" href=\"https:\/\/www.delfi.ee\/teema\/63636032\/ilja-jasin\" tag-id=\"63636032\">Ilja Ja\u0161in<\/a> telefoniintervjuus.<\/p>\n<p>Tema s\u00f5nul on otsus osa trendist seada piiranguid l\u00e4\u00e4neriikides elavatele venelastele, samas kui Venemaa valitseja Vladimir Putini eliidi liikmed leiavad alati vajadusel piirangutes l\u00fcnki. \u201eVenemaal on palju s\u00f5javastaseid inimesi ja inimesi, kes soovivad n\u00e4ha Venemaal muutusi. Oleks m\u00f5istlikum nende inimestega liituda ja \u00fchendada j\u00f5ud, et moodustada \u00fchine rinne Putini vastu,\u201c \u00fctles Ja\u0161in.<\/p>\n<p>Eksiilis elav Vene ajakirjanik Sergei Parkhomenko n\u00f5ustus Ja\u0161ini seisukohaga. Ta kirjeldas otsust kui erakordset oma rumaluse, ebaefektiivsuse ja demonstratiivse abitusega. Parkhomenko s\u00f5nul oli samm m\u00e4rk sellest, et Euroopa eliit tahtis n\u00e4idata tegutsemist, kuid ei teadnud t\u00e4pselt, mida teha.<\/p>\n<p>Uus reegel raskendab oluliselt opositsiooniliste v\u00e4ljaannete tegevust, kes s\u00f5ltuvad esmaallikatest teabe saamiseks Venemaal anon\u00fc\u00fcmselt t\u00f6\u00f6tavatest kolleegidest, \u00fctles samuti eksiilis elav Venemaa ajakirjanik Jelena Kostjut\u0161enko. \u201eMitmekordne viisa v\u00f5imaldab kohtuda isiklikult ja koordineerida toimetuste tegevust turvalistes riikides,\u201c kirjutas ta.<\/p>\n<p>EL on \u00f6elnud, et viisakeelul v\u00f5ib olla piiratud erandeid inim\u00f5iguslastele, s\u00f5ltumatutele ajakirjanikele ja isikutele, kes elavad eksiilis. Opositsion\u00e4\u00e4ride s\u00f5nul poleks see abiks,  et Vene v\u00f5imud hakkaksid automaatselt liigitama k\u00f5iki mitmekordse Schengeni viisaga isikuid Putini re\u017eiimi vastastena.<\/p>\n<p>    Kuidas see lugu Sind end tundma pani?<br \/>\n        Saada<br \/>\n           <a href=\"https:\/\/www.delfi.ee\/artikkel\/120417028\/kremli-opositsionaarid-kritiseerisid-uut-el-i-viisakeeldu-vene-kodanikele\/kommentaarid\" class=\"article-body-bottom__comment article-body-bottom__comment--write button button--primary button--size-auto\" rel=\"nofollow noopener\" target=\"_blank\"><br \/>\n        Kommenteeri<br \/>\n       <\/a> <a href=\"https:\/\/www.delfi.ee\/artikkel\/120417028\/kremli-opositsionaarid-kritiseerisid-uut-el-i-viisakeeldu-vene-kodanikele\/kommentaarid\" class=\"article-body-bottom__comment article-body-bottom__comment--read button button--size-auto\" rel=\"nofollow noopener\" target=\"_blank\"><br \/>\n        Loe kommentaare (9) <\/a>  <\/p>\n","protected":false},"excerpt":{"rendered":"\u201eS\u00f5ja alustamist ja lootust liikuda Euroopas vabalt on raske \u00f5igustada,\u201c \u00fctles ELi v\u00e4lispoliitika juht Kaja Kallas uue keelu&hellip;\n","protected":false},"author":2,"featured_media":41816,"comment_status":"","ping_status":"","sticky":false,"template":"","format":"standard","meta":{"footnotes":""},"categories":[80],"tags":[26,27,37,33,35,34,36,112,590,31,32,21,15318,1639,28,29,95,19,25,119,23,24,22,20,96,30,7438,92,93,94],"class_list":{"0":"post-41815","1":"post","2":"type-post","3":"status-publish","4":"format-standard","5":"has-post-thumbnail","7":"category-maailm","8":"tag-breaking-news","9":"tag-breakingnews","10":"tag-ee","11":"tag-eesti","12":"tag-eesti-keel","13":"tag-estonia","14":"tag-estonian","15":"tag-euroopa","16":"tag-euroopa-liit","17":"tag-featured-news","18":"tag-featurednews","19":"tag-headlines","20":"tag-ilja-jasin","21":"tag-kaja-kallas","22":"tag-latest-news","23":"tag-latestnews","24":"tag-maailm","25":"tag-news","26":"tag-populaarseimad-lood","27":"tag-schengen","28":"tag-top-stories","29":"tag-topstories","30":"tag-uldised-uudised","31":"tag-uudised","32":"tag-venemaa","33":"tag-viimased-uudised","34":"tag-viisa","35":"tag-world","36":"tag-world-news","37":"tag-worldnews"},"share_on_mastodon":{"url":"https:\/\/pubeurope.com\/@ee\/115543784999207824","error":""},"_links":{"self":[{"href":"https:\/\/www.europesays.com\/ee\/wp-json\/wp\/v2\/posts\/41815","targetHints":{"allow":["GET"]}}],"collection":[{"href":"https:\/\/www.europesays.com\/ee\/wp-json\/wp\/v2\/posts"}],"about":[{"href":"https:\/\/www.europesays.com\/ee\/wp-json\/wp\/v2\/types\/post"}],"author":[{"embeddable":true,"href":"https:\/\/www.europesays.com\/ee\/wp-json\/wp\/v2\/users\/2"}],"replies":[{"embeddable":true,"href":"https:\/\/www.europesays.com\/ee\/wp-json\/wp\/v2\/comments?post=41815"}],"version-history":[{"count":0,"href":"https:\/\/www.europesays.com\/ee\/wp-json\/wp\/v2\/posts\/41815\/revisions"}],"wp:featuredmedia":[{"embeddable":true,"href":"https:\/\/www.europesays.com\/ee\/wp-json\/wp\/v2\/media\/41816"}],"wp:attachment":[{"href":"https:\/\/www.europesays.com\/ee\/wp-json\/wp\/v2\/media?parent=41815"}],"wp:term":[{"taxonomy":"category","embeddable":true,"href":"https:\/\/www.europesays.com\/ee\/wp-json\/wp\/v2\/categories?post=41815"},{"taxonomy":"post_tag","embeddable":true,"href":"https:\/\/www.europesays.com\/ee\/wp-json\/wp\/v2\/tags?post=41815"}],"curies":[{"name":"wp","href":"https:\/\/api.w.org\/{rel}","templated":true}]}}