{"id":42425,"date":"2025-11-14T14:46:13","date_gmt":"2025-11-14T14:46:13","guid":{"rendered":"https:\/\/www.europesays.com\/ee\/42425\/"},"modified":"2025-11-14T14:46:13","modified_gmt":"2025-11-14T14:46:13","slug":"pensioniiga-voib-peagi-taas-kerkida-louna-eesti-postimees","status":"publish","type":"post","link":"https:\/\/www.europesays.com\/ee\/42425\/","title":{"rendered":"Pensioniiga v\u00f5ib peagi taas kerkida &#8211; L\u00f5una-Eesti Postimees"},"content":{"rendered":"<ol>\n<li><a href=\"https:\/\/news.google.com\/rss\/articles\/CBMihgFBVV95cUxNVEh1SHVGUzQ5X1Y1ckZDMkp1QmlFdWRvT1ZFY0J1NzFVV3ZxMzlpWWRWN285VUJKTEJneHRfcDRMSl9LWEtkcEUxWmdFMV9SaExWZ29rV1pMbmY4eUwyQ3k1dDRDVlJXeXRrQkczZGxpaXBOOGJHZThkVGJueC1qYnhEdklYdw?oc=5\" target=\"_blank\" rel=\"nofollow noopener\">Pensioniiga v\u00f5ib peagi taas kerkida<\/a>&nbsp;&nbsp;L\u00f5una-Eesti Postimees<\/li>\n<li><a href=\"https:\/\/news.google.com\/rss\/articles\/CBMimwFBVV95cUxNNnZsckxaWlRxV3VOdkdUNDYwVmhaelJlNEY2VVFsSzdhMDF4NmpHWVBTTngtclZvUnBESDNlRlR3VWhQelRlY2hBUE9JZmxHNU01Wm1JOVhLdExzaWNaNEotRnNBNjVJZjJfWWFCNGh6b0ZtNElkSXBWU1k2bklDRG9qZkc3c3ItWW1EOTJaeWlNMzY0SHlLSTJibw?oc=5\" target=\"_blank\" rel=\"nofollow noopener\">Transpordiamet hoiatab: teeolud muutuvad talvisemaks<\/a>&nbsp;&nbsp;Virumaa Teataja<\/li>\n<li><a href=\"https:\/\/news.google.com\/rss\/articles\/CBMinAFBVV95cUxOSTRqYXhCS3U4Ql9iY2xSVUZOMkVCNUpydXBQMjlQNG8ycXhVb1ZKTzJUbUZ0eDhzakRBZXpBR2ZYNkVFZFNuMV9hRDdVUVJQMDdWWnZZTE1lSWhYaDF3QWRYZW14cjQtdmxzLTc5elJiR19lTC1jZUR2ZnVoc1hHbTJHMnZPQkJoR3doWmVVQmJHNGNCdTBnc0MwTk8?oc=5\" target=\"_blank\" rel=\"nofollow noopener\">KL\u00d5PS \u27e9 Tali tuleb! Pealinnas oli hommikul kohati juba maa valge<\/a>&nbsp;&nbsp;Elu24<\/li>\n<li><a href=\"https:\/\/news.google.com\/rss\/articles\/CBMicEFVX3lxTE5paWZGdlNFQ3RTejNLOERrNUIzMkU3NXhFcWU0ODdNYW1ENlI5Vzd5RGVtbHczTFZvaFNGTklaaUQ0U19sa0pXMVZUT3Y3dGY5WEx3bXByalRxMWhLYjRCV1NLZy15bHg2eHZTeEpsSTk?oc=5\" target=\"_blank\" rel=\"nofollow noopener\">Hoiatus \u2013 ilmaolud muutuvad talvisemaks<\/a>&nbsp;&nbsp;L\u00f5unaeestlane<\/li>\n<li><a href=\"https:\/\/news.google.com\/rss\/articles\/CBMitgFBVV95cUxPSS1UaFVzalI0cDAzSngyZFRndkI1bDBubGE0SnFoNE13ZTF2WXBnVmNjVzJtRUUtU1ZvWXpIY0N1Y2gtZWs3MzFBZExKTWVqZU8zT1F5TlU4a3EyNlhFdXVPTFFvU3ltZ0l0bkFBUWw0V2pUX2U3cGg5R1JzSXVsYmNIRHNwMGpvalpISHE0ZDU5S3FWTHQ0UlMyTExQb05CNGcweGFycjJfV2FwbldvMnBsb2Jldw?oc=5\" target=\"_blank\" rel=\"nofollow noopener\">ILMATEADE | Viimased soojad ja sombused ilmad, siis algab k\u00fclma juurdevool<\/a>&nbsp;&nbsp;Maaleht<\/li>\n<\/ol>\n","protected":false},"excerpt":{"rendered":"Pensioniiga v\u00f5ib peagi taas kerkida&nbsp;&nbsp;L\u00f5una-Eesti Postimees Transpordiamet hoiatab: teeolud muutuvad talvisemaks&nbsp;&nbsp;Virumaa Teataja KL\u00d5PS \u27e9 Tali tuleb! Pealinnas oli&hellip;\n","protected":false},"author":2,"featured_media":42426,"comment_status":"","ping_status":"","sticky":false,"template":"","format":"standard","meta":{"footnotes":"","_share_on_mastodon":"0"},"categories":[5],"tags":[26,27,37,33,35,34,36,31,32,21,28,29,19,8606,8434,25,23,24,22,20,21216,30],"class_list":["post-42425","post","type-post","status-publish","format-standard","has-post-thumbnail","category-uldised-uudised","tag-breaking-news","tag-breakingnews","tag-ee","tag-eesti","tag-eesti-keel","tag-estonia","tag-estonian","tag-featured-news","tag-featurednews","tag-headlines","tag-latest-news","tag-latestnews","tag-news","tag-pensionarid","tag-pensioniiga","tag-populaarseimad-lood","tag-top-stories","tag-topstories","tag-uldised-uudised","tag-uudised","tag-vanaduspension","tag-viimased-uudised"],"share_on_mastodon":{"url":"https:\/\/pubeurope.com\/@ee\/115548597999423796","error":""},"_links":{"self":[{"href":"https:\/\/www.europesays.com\/ee\/wp-json\/wp\/v2\/posts\/42425","targetHints":{"allow":["GET"]}}],"collection":[{"href":"https:\/\/www.europesays.com\/ee\/wp-json\/wp\/v2\/posts"}],"about":[{"href":"https:\/\/www.europesays.com\/ee\/wp-json\/wp\/v2\/types\/post"}],"author":[{"embeddable":true,"href":"https:\/\/www.europesays.com\/ee\/wp-json\/wp\/v2\/users\/2"}],"replies":[{"embeddable":true,"href":"https:\/\/www.europesays.com\/ee\/wp-json\/wp\/v2\/comments?post=42425"}],"version-history":[{"count":0,"href":"https:\/\/www.europesays.com\/ee\/wp-json\/wp\/v2\/posts\/42425\/revisions"}],"wp:featuredmedia":[{"embeddable":true,"href":"https:\/\/www.europesays.com\/ee\/wp-json\/wp\/v2\/media\/42426"}],"wp:attachment":[{"href":"https:\/\/www.europesays.com\/ee\/wp-json\/wp\/v2\/media?parent=42425"}],"wp:term":[{"taxonomy":"category","embeddable":true,"href":"https:\/\/www.europesays.com\/ee\/wp-json\/wp\/v2\/categories?post=42425"},{"taxonomy":"post_tag","embeddable":true,"href":"https:\/\/www.europesays.com\/ee\/wp-json\/wp\/v2\/tags?post=42425"}],"curies":[{"name":"wp","href":"https:\/\/api.w.org\/{rel}","templated":true}]}}