{"id":42471,"date":"2025-11-14T15:40:16","date_gmt":"2025-11-14T15:40:16","guid":{"rendered":"https:\/\/www.europesays.com\/ee\/42471\/"},"modified":"2025-11-14T15:40:16","modified_gmt":"2025-11-14T15:40:16","slug":"liina-kersna-riik-ei-tohi-kitsendada-ulikoolide-oigusi-arvamus","status":"publish","type":"post","link":"https:\/\/www.europesays.com\/ee\/42471\/","title":{"rendered":"Liina Kersna: riik ei tohi kitsendada \u00fclikoolide \u00f5igusi | Arvamus"},"content":{"rendered":"<p>Ei saa kuidagi heaks kiita haridusminister Kristina Kallase soovi j\u00e4tta k\u00f5rghariduse tegevustoetuse t\u00f5usust ligi 14 miljonit eurot enda k\u00e4sutusse &#8220;taktikalise vahendina&#8221; \u00fclikoolidega halduslepingute l\u00e4bir\u00e4\u00e4kimiseks, kirjutab Liina Kersna.<\/p>\n<p>Meie julgeolekuolukorda arvestades on selge, et peame tegema k\u00f5ik selleks, et riik oleks kaitstud, kuid lisaks konkreetselt riigikaitsesse investeerimisele on oluline, et me \u00fchiskonnana oleksime vaimselt tugevad. \u00dchiskonna vaimne tugevus baseerub aga eelk\u00f5ige just haridusel ja kultuuril, kui viidata presidendile.<\/p>\n<p>Hoolimata \u00fcldisest kokkuhoiupoliitikast, kaitsekulude j\u00e4rsust t\u00f5usust ning soovist maksulangetustega suurendada inimeste sissetulekuid, kasvab \u00f5petajate ja kultuurit\u00f6\u00f6tajate palgafond j\u00e4rgmisel aastal k\u00fcmme protsenti. Selleks on planeeritud ligi 70 miljonit eurot.<\/p>\n<p>Teadusesse suunatakse kokkulepitud \u00fcks protsent sisemajanduse kogutoodangust, mis t\u00e4hendab, et teaduseelarve kasvab 20 miljonit eurot.<\/p>\n<p>K\u00f5rghariduse tegevustoetus on j\u00e4rgmisel aastal 290 miljonit eurot. Seda on k\u00e4esoleva aastaga v\u00f5rreldes ligi 28 miljonit rohkem ehk tegevustoetus kasvab 10,6 protsenti. Valitsuse tasandil rektoritega tehtud kokkuleppest on seda pea kolmandiku v\u00e4hem.<\/p>\n<p>Meeldetuletuseks: valitsus leppis rektoritega kokku, et 2023. aastast t\u00f5useb k\u00f5rghariduse tegevustoetus neli aastat j\u00e4rjest igal aastal 15 protsenti. Haridus- ja teadusministrina olin selle kokkuleppe ettevalmistuse juures ning v\u00f5in kinnitada, et tegevustoetuse t\u00f5us oli m\u00f5eldud \u00f5ppej\u00f5udude palgataseme parandamiseks, kuna k\u00f5rghariduse pikaaegse alarahastamise t\u00f5ttu j\u00e4\u00e4vad \u00fclikoolide \u00f5ppej\u00f5udude palgad alla isegi \u00fcldhariduskoolide \u00f5petajate palgale.<\/p>\n<p>Kokkulepet \u00fclikoolidega suutis valitsus hoida vaid kahel esimesel aastal. Kahel viimasel aastal on kasvuprotsenti oluliselt v\u00e4hendatud.<\/p>\n<p>Kultuurikomisjoni hiljutisel istungil, kus arutasime haridus- ja teadusministriga valdkonna eelarve k\u00fcsimusi, teatas minister Kristina Kallas soovist k\u00f5rghariduse tegevustoetuse t\u00f5usust poole ehk ligi 14 miljonit eurot j\u00e4tta enda k\u00e4sutusse &#8220;taktikalise vahendina&#8221; \u00fclikoolidega halduslepingute l\u00e4bir\u00e4\u00e4kimiseks.<\/p>\n<p>Sellist &#8220;taktikalist k\u00e4iku&#8221; ei saa kuidagi heaks kiita. \u00dclikoolide autonoomia on akadeemilise vabaduse vundament. Akadeemiline vabadus on demokraatlikus riigis sama oluline kui inim\u00f5igused ja -vabadused, ajakirjandusvabadus v\u00f5i kohtute s\u00f5ltumatus. Need on v\u00e4\u00e4rtused, mille suhtes peame olema t\u00e4helepanelikud ja vajadusel nende eest j\u00f5uliselt seisma.<\/p>\n<p>Haridusministri plaan on survestanud \u00fclikoole <a href=\"https:\/\/www.err.ee\/1609854795\/tonu-viik-ulikoolide-autonoomiast-riigipoolse-rahastuse-tingimustes\" target=\"_blank\" rel=\"noopener nofollow\">avalikult kaitsma oma akadeemilist vabadust ja autonoomiat<\/a>. Nii see peabki olema. Selles peitub demokraatliku riigikorralduse tugevus.<\/p>\n<p>Olgu \u00f6eldud, et juba praegu saavad \u00fclikoolid riiklike prioriteetide saavutamiseks mitmeid sihttoetusi. N\u00e4iteks kaheksa miljonit eurot \u00f5petajakoolituse ja tugispetsialistide \u00f5ppekohtade suurendamiseks; 28,2 miljonit doktorantide t\u00f6\u00f6j\u00f5ukuludeks; 15,2 miljonit eurot \u00fcli\u00f5pilaste sotsiaaltoetusteks. Lisaraha saavad \u00fclikoolid ka IT, inseneeria, tehnika, tootmise ja tervishoiuvaldkonna \u00f5ppemahtude suurendamiseks.<\/p>\n<p>&#8220;Tegevustoetuse jagamiseks on seadusega kehtestatud kord, mida praegune plaan rikub.&#8221;<\/p>\n<p>Riigil seega juba on rahalised hoovad \u00fclikoolide tegevuste suunamiseks. Selleks ei ole vaja kasutada tegevustoetuse kasvuks m\u00f5eldud raha. Tuletan meelde sedagi, et tegevustoetuse jagamiseks on seadusega kehtestatud kord, mida praegune plaan rikub.<\/p>\n<p>Mind ja mitte ainult mind teeb v\u00e4ga murelikuks meie hariduspoliitikas kasvav trend liikuda juhtimises kokkulepete tasandilt k\u00e4skude ja keeldude tasandile.<\/p>\n<p>Rektorite n\u00f5ukogu juhib t\u00e4helepanu, et lisaks raha sildistamisele soovib ministeerium halduslepingutega kehtestada ka seda, millistel \u00f5ppekavadel ja mis mahus toimub tasuta \u00f5pe. Ka nende otsuste tegemiste \u00f5igus on tegelikult \u00fclikoolidel, mitte riigil. Riik saab halduslepingute kaudu kehtestada kohustused ja tegevused, mida \u00fclikoolid peavad t\u00e4itma, aga mitte keelde v\u00f5i piiranguid, mis kitsendavad \u00fclikoolide \u00f5igusi. Ja mis eriti oluline, nende kokkulepeteni peab j\u00f5udma v\u00f5rdsete partneritena l\u00e4bir\u00e4\u00e4kimiste teel.<\/p>\n<p>Samale tendentsile ka \u00fcldhariduses viitas hiljuti<a href=\"https:\/\/www.err.ee\/1609853745\/rando-kuustik-me-ei-vaja-hariduses-uut-burokraatiat-vaid-uut-ausust\" target=\"_blank\" rel=\"noopener nofollow\"> ERR-i portaalis ilmunud kommentaaris <\/a>Jakob Westholmi g\u00fcmnaasiumi direktor Rando Kuustik: &#8220;Kui juhtimine muutub k\u00e4skudeks ja keeldudeks, tekib hirm kaotada toetus.&#8221;<\/p>\n<p>Pole saladus, et valitsuserakondade usaldus on erakordselt madal. Miks? Teadlased \u00fctlevad, et avaliku v\u00f5imu usaldust m\u00f5jutavad eelk\u00f5ige kolm tegurit: usk, et v\u00f5im teenib avalikku huvi; v\u00f5imulolijate p\u00e4devus ja koherentsus ehk avalikku v\u00f5imu kandjatel ei tohiks olla topeltstandardeid.<\/p>\n<p>Kui toetus on madal, on arusaadavalt keeruline j\u00f5uda ka valdkonnaga kokkuleppele, sest v\u00f5imu autoriteet on madal. J\u00e4\u00e4vad kaks v\u00f5imalust: kas v\u00f5im hakkab kasutama oma poliitilise tahte elluviimiseks k\u00e4ske ja keelde v\u00f5i p\u00fc\u00fcab usaldust kasvatades ja demokraatlikule riigile kohaselt \u00fchise laua taga j\u00f5uda kokkulepeteni, mis austavad demokraatliku riigi p\u00f5hiv\u00e4\u00e4rtusi.<\/p>\n<p>Ma v\u00e4ga loodan, et me valime teise variandi.\u00a0<\/p>\n","protected":false},"excerpt":{"rendered":"Ei saa kuidagi heaks kiita haridusminister Kristina Kallase soovi j\u00e4tta k\u00f5rghariduse tegevustoetuse t\u00f5usust ligi 14 miljonit eurot enda&hellip;\n","protected":false},"author":2,"featured_media":42472,"comment_status":"","ping_status":"","sticky":false,"template":"","format":"standard","meta":{"footnotes":"","_share_on_mastodon":"0"},"categories":[12],"tags":[21236,26,27,37,33,35,34,36,31,32,406,3932,21,21235,648,28,29,11236,19,25,23,24,22,4242,21229,20,30],"class_list":["post-42471","post","type-post","status-publish","format-standard","has-post-thumbnail","category-eesti","tag-akadeemiline-vabadus","tag-breaking-news","tag-breakingnews","tag-ee","tag-eesti","tag-eesti-keel","tag-estonia","tag-estonian","tag-featured-news","tag-featurednews","tag-haridus","tag-haridus-ja-teadusministeerium","tag-headlines","tag-korgkoolid","tag-kristina-kallas","tag-latest-news","tag-latestnews","tag-liina-kersna","tag-news","tag-populaarseimad-lood","tag-top-stories","tag-topstories","tag-uldised-uudised","tag-ulikoolid","tag-ulikoolide-tegevustoetus","tag-uudised","tag-viimased-uudised"],"share_on_mastodon":{"url":"https:\/\/pubeurope.com\/@ee\/115548810346214899","error":""},"_links":{"self":[{"href":"https:\/\/www.europesays.com\/ee\/wp-json\/wp\/v2\/posts\/42471","targetHints":{"allow":["GET"]}}],"collection":[{"href":"https:\/\/www.europesays.com\/ee\/wp-json\/wp\/v2\/posts"}],"about":[{"href":"https:\/\/www.europesays.com\/ee\/wp-json\/wp\/v2\/types\/post"}],"author":[{"embeddable":true,"href":"https:\/\/www.europesays.com\/ee\/wp-json\/wp\/v2\/users\/2"}],"replies":[{"embeddable":true,"href":"https:\/\/www.europesays.com\/ee\/wp-json\/wp\/v2\/comments?post=42471"}],"version-history":[{"count":0,"href":"https:\/\/www.europesays.com\/ee\/wp-json\/wp\/v2\/posts\/42471\/revisions"}],"wp:featuredmedia":[{"embeddable":true,"href":"https:\/\/www.europesays.com\/ee\/wp-json\/wp\/v2\/media\/42472"}],"wp:attachment":[{"href":"https:\/\/www.europesays.com\/ee\/wp-json\/wp\/v2\/media?parent=42471"}],"wp:term":[{"taxonomy":"category","embeddable":true,"href":"https:\/\/www.europesays.com\/ee\/wp-json\/wp\/v2\/categories?post=42471"},{"taxonomy":"post_tag","embeddable":true,"href":"https:\/\/www.europesays.com\/ee\/wp-json\/wp\/v2\/tags?post=42471"}],"curies":[{"name":"wp","href":"https:\/\/api.w.org\/{rel}","templated":true}]}}