{"id":42960,"date":"2025-11-15T11:29:07","date_gmt":"2025-11-15T11:29:07","guid":{"rendered":"https:\/\/www.europesays.com\/ee\/42960\/"},"modified":"2025-11-15T11:29:07","modified_gmt":"2025-11-15T11:29:07","slug":"galerii-%e2%9f%a9-kohaliku-kunstikogukonna-uuem-looming-joudis-aastanaitusele","status":"publish","type":"post","link":"https:\/\/www.europesays.com\/ee\/42960\/","title":{"rendered":"GALERII \u27e9 Kohaliku kunstikogukonna uuem looming j\u00f5udis aastan\u00e4itusele"},"content":{"rendered":"<p>P\u00e4rnu kunsti aastan\u00e4itus toimub juba 31. korda, j\u00e4tkates olulist traditsiooni, mis on \u00fcle kolme aastak\u00fcmne koondanud P\u00e4rnu ja P\u00e4rnumaaga seotud kunstnikke, harrastajaid ning kunstipublikut.<\/p>\n<p>Linnagaleriis avatud aastan\u00e4itus peegeldab kohaliku kunstiv\u00e4lja mitmekesisust ja erip\u00e4ra, pakkudes \u00fchtlasi l\u00e4bil\u00f5iget P\u00e4rnu kunstielu hetkeseisust. N\u00e4itusel saab n\u00e4ha nii kogenud kunstnike loomingut kui ka nooremate autorite v\u00e4rskeid otsinguid, luues dialoogi p\u00f5lvkondade, stiilide ja m\u00f5tteviiside vahel.<\/p>\n","protected":false},"excerpt":{"rendered":"P\u00e4rnu kunsti aastan\u00e4itus toimub juba 31. korda, j\u00e4tkates olulist traditsiooni, mis on \u00fcle kolme aastak\u00fcmne koondanud P\u00e4rnu ja&hellip;\n","protected":false},"author":2,"featured_media":42961,"comment_status":"","ping_status":"","sticky":false,"template":"","format":"standard","meta":{"footnotes":""},"categories":[5],"tags":[26,27,37,33,35,34,36,31,32,21,28,29,19,21485,19152,21484,25,23,24,22,20,30],"class_list":{"0":"post-42960","1":"post","2":"type-post","3":"status-publish","4":"format-standard","5":"has-post-thumbnail","7":"category-uldised-uudised","8":"tag-breaking-news","9":"tag-breakingnews","10":"tag-ee","11":"tag-eesti","12":"tag-eesti-keel","13":"tag-estonia","14":"tag-estonian","15":"tag-featured-news","16":"tag-featurednews","17":"tag-headlines","18":"tag-latest-news","19":"tag-latestnews","20":"tag-news","21":"tag-parnu-kunsti-aastanaitus","22":"tag-parnu-linnagalerii","23":"tag-parnu-raekoda","24":"tag-populaarseimad-lood","25":"tag-top-stories","26":"tag-topstories","27":"tag-uldised-uudised","28":"tag-uudised","29":"tag-viimased-uudised"},"share_on_mastodon":{"url":"https:\/\/pubeurope.com\/@ee\/115553485581292238","error":""},"_links":{"self":[{"href":"https:\/\/www.europesays.com\/ee\/wp-json\/wp\/v2\/posts\/42960","targetHints":{"allow":["GET"]}}],"collection":[{"href":"https:\/\/www.europesays.com\/ee\/wp-json\/wp\/v2\/posts"}],"about":[{"href":"https:\/\/www.europesays.com\/ee\/wp-json\/wp\/v2\/types\/post"}],"author":[{"embeddable":true,"href":"https:\/\/www.europesays.com\/ee\/wp-json\/wp\/v2\/users\/2"}],"replies":[{"embeddable":true,"href":"https:\/\/www.europesays.com\/ee\/wp-json\/wp\/v2\/comments?post=42960"}],"version-history":[{"count":0,"href":"https:\/\/www.europesays.com\/ee\/wp-json\/wp\/v2\/posts\/42960\/revisions"}],"wp:featuredmedia":[{"embeddable":true,"href":"https:\/\/www.europesays.com\/ee\/wp-json\/wp\/v2\/media\/42961"}],"wp:attachment":[{"href":"https:\/\/www.europesays.com\/ee\/wp-json\/wp\/v2\/media?parent=42960"}],"wp:term":[{"taxonomy":"category","embeddable":true,"href":"https:\/\/www.europesays.com\/ee\/wp-json\/wp\/v2\/categories?post=42960"},{"taxonomy":"post_tag","embeddable":true,"href":"https:\/\/www.europesays.com\/ee\/wp-json\/wp\/v2\/tags?post=42960"}],"curies":[{"name":"wp","href":"https:\/\/api.w.org\/{rel}","templated":true}]}}