{"id":43872,"date":"2025-11-16T21:13:08","date_gmt":"2025-11-16T21:13:08","guid":{"rendered":"https:\/\/www.europesays.com\/ee\/43872\/"},"modified":"2025-11-16T21:13:08","modified_gmt":"2025-11-16T21:13:08","slug":"jarvamaa-kutsehariduskeskuse-opilane-palvis-amservi-stipendiumi","status":"publish","type":"post","link":"https:\/\/www.europesays.com\/ee\/43872\/","title":{"rendered":"J\u00e4rvamaa Kutsehariduskeskuse \u00f5pilane p\u00e4lvis Amservi stipendiumi"},"content":{"rendered":"<p>Stipendiumi taotlejatega viis Amserv l\u00e4bi vestlusvooru, kus hinnati kandidaatide motivatsiooni, eesm\u00e4rke ja p\u00fchendumust. Amservi L\u00e4\u00e4ne regiooni juhi Olev P\u00f5ldme s\u00f5nul j\u00e4ttis Martti k\u00fcpse ja sihikindla mulje. \u201eMartti on asjalik noormees, kes on autode kallal nokitseda armastanud kogu elu. Ta on l\u00e4bi ja l\u00f5hki tehnikahuviline ning veedab suure osa oma vabast ajast garaa\u017eis oma autoprojekti kallal t\u00f6\u00f6tades. Tal on juba praegu palju tehnilisi teadmisi, aga ta teab, et kiiresti arenevas valdkonnas tuleb end pidevalt t\u00e4iendada. Martti soovib autondust tulevikus edasi \u00f5ppida ja unistab karj\u00e4\u00e4rist suuremas autoettev\u00f5ttes,\u201c kirjeldas P\u00f5ldme.<\/p>\n<p>P\u00f5ldme s\u00f5nul j\u00e4tsid ka teised stipendiumi taotlejad sel aastal v\u00e4ga asjaliku mulje. See annab lootust, et autoettev\u00f5tetele on k\u00fcpsemas tegus ja asjalik j\u00e4relkasv, aga tegi otsustamise, kellele stipendium anda, v\u00e4ga raskeks. \u201eKa teised noored n\u00e4itasid tugevat motivatsiooni ning loodame, et k\u00f5ik nad plaanivad oma koolitee edukalt l\u00f5petada ja, et keegi neist avaldab soovi tulla ka meile praktikale,\u201c lisas ta.<\/p>\n","protected":false},"excerpt":{"rendered":"Stipendiumi taotlejatega viis Amserv l\u00e4bi vestlusvooru, kus hinnati kandidaatide motivatsiooni, eesm\u00e4rke ja p\u00fchendumust. Amservi L\u00e4\u00e4ne regiooni juhi Olev&hellip;\n","protected":false},"author":2,"featured_media":43873,"comment_status":"","ping_status":"","sticky":false,"template":"","format":"standard","meta":{"footnotes":"","_share_on_mastodon":"0"},"categories":[12],"tags":[4960,9008,26,27,37,33,35,34,36,31,32,21,21883,28,29,19,21884,25,23,24,22,20,30],"class_list":["post-43872","post","type-post","status-publish","format-standard","has-post-thumbnail","category-eesti","tag-amserv","tag-baltimaa","tag-breaking-news","tag-breakingnews","tag-ee","tag-eesti","tag-eesti-keel","tag-estonia","tag-estonian","tag-featured-news","tag-featurednews","tag-headlines","tag-jarvamaa-kutsehariduskeskus","tag-latest-news","tag-latestnews","tag-news","tag-olev-poldme","tag-populaarseimad-lood","tag-top-stories","tag-topstories","tag-uldised-uudised","tag-uudised","tag-viimased-uudised"],"share_on_mastodon":{"url":"https:\/\/pubeurope.com\/@ee\/115561444539075067","error":""},"_links":{"self":[{"href":"https:\/\/www.europesays.com\/ee\/wp-json\/wp\/v2\/posts\/43872","targetHints":{"allow":["GET"]}}],"collection":[{"href":"https:\/\/www.europesays.com\/ee\/wp-json\/wp\/v2\/posts"}],"about":[{"href":"https:\/\/www.europesays.com\/ee\/wp-json\/wp\/v2\/types\/post"}],"author":[{"embeddable":true,"href":"https:\/\/www.europesays.com\/ee\/wp-json\/wp\/v2\/users\/2"}],"replies":[{"embeddable":true,"href":"https:\/\/www.europesays.com\/ee\/wp-json\/wp\/v2\/comments?post=43872"}],"version-history":[{"count":0,"href":"https:\/\/www.europesays.com\/ee\/wp-json\/wp\/v2\/posts\/43872\/revisions"}],"wp:featuredmedia":[{"embeddable":true,"href":"https:\/\/www.europesays.com\/ee\/wp-json\/wp\/v2\/media\/43873"}],"wp:attachment":[{"href":"https:\/\/www.europesays.com\/ee\/wp-json\/wp\/v2\/media?parent=43872"}],"wp:term":[{"taxonomy":"category","embeddable":true,"href":"https:\/\/www.europesays.com\/ee\/wp-json\/wp\/v2\/categories?post=43872"},{"taxonomy":"post_tag","embeddable":true,"href":"https:\/\/www.europesays.com\/ee\/wp-json\/wp\/v2\/tags?post=43872"}],"curies":[{"name":"wp","href":"https:\/\/api.w.org\/{rel}","templated":true}]}}