{"id":44212,"date":"2025-11-17T11:16:07","date_gmt":"2025-11-17T11:16:07","guid":{"rendered":"https:\/\/www.europesays.com\/ee\/44212\/"},"modified":"2025-11-17T11:16:07","modified_gmt":"2025-11-17T11:16:07","slug":"pajusalu-hoolealused-voitsid-mm-il-alagrupi-vesiku-paar-samuti-edasi-rannavorkpall","status":"publish","type":"post","link":"https:\/\/www.europesays.com\/ee\/44212\/","title":{"rendered":"Pajusalu hoolealused v\u00f5itsid MM-il alagrupi, Vesiku paar samuti edasi | Rannav\u00f5rkpall"},"content":{"rendered":"<p>Austraalias Adelaide&#8217;is toimuvatel rannav\u00f5rkpalli maailmameistriv\u00f5istlustel on alagrupist edasi p\u00e4\u00e4senud m\u00f5lema eestlasest treeneri Rivo Vesiku ja M\u00e4rt Pajusalu hoolealused.<\/p>\n<p>Rivo Vesik\u00a0juhendab MM-il \u0160veitsi paari Leona Kernerit ja Annique Niederhausenit, kes omavad turniiril 13. asetust. Samas pole nad varem koos m\u00e4nginud ja said tiitliv\u00f5istluse eel treenida vaid kaks n\u00e4dalat. Tavap\u00e4raselt m\u00e4ngib Kerner koos Tanja H\u00fcberliga, ent ta pidi h\u00fcppeliigese vigastuse t\u00f5ttu turniirilt eemale j\u00e4\u00e4ma, vahendab Volley.ee.<\/p>\n<p>\u0160veitslannad kuulusid L-alagruppi, kus saadi kaks kaotust ja \u00fcks v\u00f5it ning p\u00e4\u00e4seti seega j\u00e4rgmisse ringi.<\/p>\n<p>Avam\u00e4ngus saadi sakslannadelt Melanie Paulilt \u2013 Lea Sophie Kunstilt (36.) 1:2 (21:11, 18:21, 11:15) kaotus ja teises kohtumises j\u00e4\u00e4di samuti 1:2 (21:19, 12:21, 9:15) alla Hiina paarile Xu Yan \u2013 Xinyi Xiale (37.). Kolmas alagrupim\u00e4ng austraallannade Taliqua Clancy \u2013 Jana Milutinovici (12.) vastu suudeti aga v\u00f5ita tulemusega 2:0 (21:13, 21:19) ning alagrupis saadi seega kolmas koht.<\/p>\n<p>Meeste turniiril saab kaasa elada Katari paari Cherif Younousse&#8217; ja Ahmed Tijani\u00a0treenerite sekka kuuluvale\u00a0M\u00e4rt Pajusalule.<\/p>\n<p>10. paigutust omavad Cherif ja Ahmed kuulusid MMil J-alagruppi ning suutsid v\u00f5ita k\u00f5ik kohtumised ja said seega grupis esikoha ning p\u00e4\u00e4sesid otse 16 parema sekka.<\/p>\n<p>Avam\u00e4ng kuubalaste Damian Gomez Limonta \u2013 Eblis Veranes Kensi (39.) vastu v\u00f5iteti 2:0 (21:18, 21:14) ja teises m\u00e4ngus alistati 2:0 (21:15, 21:15) \u0161veitslased Yves Haussener \u2013 Julian Friedli (24.). Kolmas kohtumine austerlaste Timo Hammarbergi \u2013 Tim Bergeri (15.) vastu l\u00f5ppes Katari duo 2:0 (22:20, 21:12) \u00fcleolekuga.<\/p>\n","protected":false},"excerpt":{"rendered":"Austraalias Adelaide&#8217;is toimuvatel rannav\u00f5rkpalli maailmameistriv\u00f5istlustel on alagrupist edasi p\u00e4\u00e4senud m\u00f5lema eestlasest treeneri Rivo Vesiku ja M\u00e4rt Pajusalu hoolealused.&hellip;\n","protected":false},"author":2,"featured_media":44213,"comment_status":"","ping_status":"","sticky":false,"template":"","format":"standard","meta":{"footnotes":""},"categories":[18],"tags":[37,33,35,34,36,21999,21998,159,158],"class_list":{"0":"post-44212","1":"post","2":"type-post","3":"status-publish","4":"format-standard","5":"has-post-thumbnail","7":"category-sport","8":"tag-ee","9":"tag-eesti","10":"tag-eesti-keel","11":"tag-estonia","12":"tag-estonian","13":"tag-mart-pajusalu","14":"tag-rivo-vesik","15":"tag-sport","16":"tag-sports"},"share_on_mastodon":{"url":"https:\/\/pubeurope.com\/@ee\/115564759381125518","error":""},"_links":{"self":[{"href":"https:\/\/www.europesays.com\/ee\/wp-json\/wp\/v2\/posts\/44212","targetHints":{"allow":["GET"]}}],"collection":[{"href":"https:\/\/www.europesays.com\/ee\/wp-json\/wp\/v2\/posts"}],"about":[{"href":"https:\/\/www.europesays.com\/ee\/wp-json\/wp\/v2\/types\/post"}],"author":[{"embeddable":true,"href":"https:\/\/www.europesays.com\/ee\/wp-json\/wp\/v2\/users\/2"}],"replies":[{"embeddable":true,"href":"https:\/\/www.europesays.com\/ee\/wp-json\/wp\/v2\/comments?post=44212"}],"version-history":[{"count":0,"href":"https:\/\/www.europesays.com\/ee\/wp-json\/wp\/v2\/posts\/44212\/revisions"}],"wp:featuredmedia":[{"embeddable":true,"href":"https:\/\/www.europesays.com\/ee\/wp-json\/wp\/v2\/media\/44213"}],"wp:attachment":[{"href":"https:\/\/www.europesays.com\/ee\/wp-json\/wp\/v2\/media?parent=44212"}],"wp:term":[{"taxonomy":"category","embeddable":true,"href":"https:\/\/www.europesays.com\/ee\/wp-json\/wp\/v2\/categories?post=44212"},{"taxonomy":"post_tag","embeddable":true,"href":"https:\/\/www.europesays.com\/ee\/wp-json\/wp\/v2\/tags?post=44212"}],"curies":[{"name":"wp","href":"https:\/\/api.w.org\/{rel}","templated":true}]}}