{"id":44345,"date":"2025-11-17T13:32:08","date_gmt":"2025-11-17T13:32:08","guid":{"rendered":"https:\/\/www.europesays.com\/ee\/44345\/"},"modified":"2025-11-17T13:32:08","modified_gmt":"2025-11-17T13:32:08","slug":"tartu-ja-reola-vaheline-raudtee-laheb-remonti-ehitus-kaib-peamiselt-oositi","status":"publish","type":"post","link":"https:\/\/www.europesays.com\/ee\/44345\/","title":{"rendered":"Tartu ja Reola vaheline raudtee l\u00e4heb remonti, ehitus k\u00e4ib peamiselt \u00f6\u00f6siti"},"content":{"rendered":"<p>Kuigi raadamine algab sel l\u00f5igul juba t\u00e4navu, saavad suuremad t\u00f6\u00f6d alguse kevadel.<\/p>\n<p>Ehitus k\u00e4ib peamiselt \u00f6\u00f6siti. See t\u00e4hendab, et rongiliiklus saab k\u00fcll j\u00e4tkuda, kuid kogu remondi v\u00e4ltel kehtestatakse mitmel pool kiiruspiirangud, mis pikendavad s\u00f5iduaegu, vahendas Eesti Raudtee ehitusosakonna juht Inna Romandi. P\u00e4evasel ajal rongiliikluse t\u00e4ielikke katkestusi ette ei n\u00e4hta, kuid reisijad peavad arvestama tavap\u00e4rasest pikemate s\u00f5iduaegadega<\/p>\n","protected":false},"excerpt":{"rendered":"Kuigi raadamine algab sel l\u00f5igul juba t\u00e4navu, saavad suuremad t\u00f6\u00f6d alguse kevadel. Ehitus k\u00e4ib peamiselt \u00f6\u00f6siti. See t\u00e4hendab,&hellip;\n","protected":false},"author":2,"featured_media":44346,"comment_status":"","ping_status":"","sticky":false,"template":"","format":"standard","meta":{"footnotes":"","_share_on_mastodon":"0"},"categories":[5],"tags":[22089,26,27,37,33,35,34,36,22087,31,32,21,22085,22084,28,29,22082,19,25,22086,22088,1313,925,249,23,24,22,20,22083,30],"class_list":["post-44345","post","type-post","status-publish","format-standard","has-post-thumbnail","category-uldised-uudised","tag-betoonliiprid","tag-breaking-news","tag-breakingnews","tag-ee","tag-eesti","tag-eesti-keel","tag-estonia","tag-estonian","tag-euroopa-liidu-uhtekuuluvusfond","tag-featured-news","tag-featurednews","tag-headlines","tag-kapitaalremont","tag-kiiruspiirangud","tag-latest-news","tag-latestnews","tag-leonhard-weiss","tag-news","tag-populaarseimad-lood","tag-projekti-maksumus","tag-puitliiprid","tag-raudtee","tag-rongiliiklus","tag-tartu","tag-top-stories","tag-topstories","tag-uldised-uudised","tag-uudised","tag-vaksal","tag-viimased-uudised"],"share_on_mastodon":{"url":"https:\/\/pubeurope.com\/@ee\/115565293972562402","error":""},"_links":{"self":[{"href":"https:\/\/www.europesays.com\/ee\/wp-json\/wp\/v2\/posts\/44345","targetHints":{"allow":["GET"]}}],"collection":[{"href":"https:\/\/www.europesays.com\/ee\/wp-json\/wp\/v2\/posts"}],"about":[{"href":"https:\/\/www.europesays.com\/ee\/wp-json\/wp\/v2\/types\/post"}],"author":[{"embeddable":true,"href":"https:\/\/www.europesays.com\/ee\/wp-json\/wp\/v2\/users\/2"}],"replies":[{"embeddable":true,"href":"https:\/\/www.europesays.com\/ee\/wp-json\/wp\/v2\/comments?post=44345"}],"version-history":[{"count":0,"href":"https:\/\/www.europesays.com\/ee\/wp-json\/wp\/v2\/posts\/44345\/revisions"}],"wp:featuredmedia":[{"embeddable":true,"href":"https:\/\/www.europesays.com\/ee\/wp-json\/wp\/v2\/media\/44346"}],"wp:attachment":[{"href":"https:\/\/www.europesays.com\/ee\/wp-json\/wp\/v2\/media?parent=44345"}],"wp:term":[{"taxonomy":"category","embeddable":true,"href":"https:\/\/www.europesays.com\/ee\/wp-json\/wp\/v2\/categories?post=44345"},{"taxonomy":"post_tag","embeddable":true,"href":"https:\/\/www.europesays.com\/ee\/wp-json\/wp\/v2\/tags?post=44345"}],"curies":[{"name":"wp","href":"https:\/\/api.w.org\/{rel}","templated":true}]}}