{"id":44418,"date":"2025-11-17T14:46:18","date_gmt":"2025-11-17T14:46:18","guid":{"rendered":"https:\/\/www.europesays.com\/ee\/44418\/"},"modified":"2025-11-17T14:46:18","modified_gmt":"2025-11-17T14:46:18","slug":"sn-limassolis-henn-lubab-vahetusi-loodab-varskusele-ja-tahab-naha-korralikku-mangu-soccernet-ee","status":"publish","type":"post","link":"https:\/\/www.europesays.com\/ee\/44418\/","title":{"rendered":"SN Limassolis | Henn lubab vahetusi, loodab v\u00e4rskusele ja tahab n\u00e4ha korralikku m\u00e4ngu &#8211; Soccernet.ee"},"content":{"rendered":"<p><img decoding=\"async\" src=\"https:\/\/www.europesays.com\/ee\/wp-content\/uploads\/2025\/11\/1763381072.jpg\" alt=\"Eesti koondise peatreener J\u00fcrgen Henn. Foto: Liisi Troska \/ jalgpall.ee\"\/>&#13;\n<\/p>\n<p>Eesti meeste koondis kohtub teisip\u00e4eval v\u00f5\u00f5rsil K\u00fcprosega. Peatreener J\u00fcrgen Henn kinnitas, et koosseisus tulevad mingisugused muudatused.<\/p>\n<p>MM-valiksarja Norras 1:4 kaotusega l\u00f5ppenuks kuulutanud Eesti koondis lendas Oslost K\u00fcprosele laup\u00e4eval. Seej\u00e4rel hakati valmistuma Limassolis toimuvaks maav\u00f5istluseks. J\u00fcrgen Henni s\u00f5nul on soe ilm meeskonnale m\u00f5junud h\u00e4sti.&#13;\n<\/p>\n<p>&#8220;Ma arvan, et eestlasele ei ole palju vaja &#8211; natukene sooja ja natukene p\u00e4ikest ja juba on elu sees. Eks esimesed p\u00e4evad peale m\u00e4ngu olid rasked, reisisime pikalt ja l\u00e4ks aega taastumiseks, aga eile ja t\u00e4na oleme juba palju v\u00e4rskemad. Kindlasti see p\u00e4ike aitab,&#8221; r\u00e4\u00e4kis heatujuline Henn Soccernet.ee-le. &#8220;Minu t\u00f6\u00f6r\u00fctm kuidagi muutunud ei ole, tegemist on ikka palju ja basseini \u00e4\u00e4rde jalutama pole v\u00e4ga p\u00e4\u00e4senud.&#8221;&#13;\n<\/p>\n<p>Trenni on koondis saanud teha soovitult. Henni s\u00f5nul on tulnud natuke arvestada m\u00f5ne sinika ja puukaga ning sellega, kes millisest hooaja faasist tuleb. &#8220;Oleme pidanud hoidma koormust kontrolli all, aga oleme saanud trenni teha v\u00e4ga heades tingimustes,&#8221; kinnitas ta. Seda, et keegi oleks m\u00e4ngust t\u00e4ielikult eemale j\u00e4\u00e4mas, ei tundu. &#8220;Vaatame, kuidas m\u00e4ngijad tunnevad t\u00e4na peale trenni. \u00d5nneks ei pea v\u00f5tma m\u00e4ngijatega nii suurt riski.&#8221;<\/p>\n<p>Kitsam peaks seis olema aga K\u00fcprosel, kelle jaoks j\u00e4\u00e4b kahe kohtumise vahele vaid kaks p\u00e4eva. Henni s\u00f5nul ei pruugi see Eestile trumpi anda. &#8220;Vahest on just m\u00e4ngur\u00fctm see, mis aitab kaasa. Et ei ole aega \u00fcle m\u00f5elda, ei ole aega ennast kuidagi v\u00e4lja l\u00fclitada, vaid l\u00e4hed \u00fchelt m\u00e4ngult teisele. Teoreetiliselt taastumise m\u00f5ttes muidugi on meil parem. Ma loodan, et see annab meile mingisugust v\u00e4rskust.&#8221;&#13;\n<\/p>\n<p>Mida K\u00fcprosest oodata? &#8220;Nad tahavad v\u00e4ga julgelt palliga m\u00e4ngida ja nad m\u00e4ngivad selle treeneriga (aasta alguses t\u00f6\u00f6d alustanud Apostolos Mantzios &#8211; L. J.) v\u00e4ga r\u00fcndavat jalgpalli. Nad \u00fcritavad hoida initsiatiivi, mis t\u00e4hendab, et me peame olema h\u00e4sti distsiplineeritud ja v\u00f5tma nende m\u00e4nguruumi \u00e4ra. Samas soovime ka ise palliga m\u00e4ngida, mis aitab nende r\u00fctmi natukene l\u00f5hkuda,&#8221; vastas Henn.&#13;\n<\/p>\n<p><img decoding=\"async\" src=\"https:\/\/www.europesays.com\/ee\/wp-content\/uploads\/2025\/11\/1763381075.jpg\" alt=\"K\u00fcpros on paras vastane. Foto: Liisi Troska \/ jalgpall.ee\"\/>&#13;\n<\/p>\n<p>Nii v\u00f5ibki Limassolis oodata k\u00f5va v\u00f5itlust initsiatiivi nimel. &#8220;Peab tundma \u00f5igel hetkel \u00e4ra need momendid, kus ei pea m\u00e4ngima kohe ettepoole, vaid olla palliga. Ja kindlasti aitab kaasa see, kui kaitsem\u00e4ng toimib. Kui sa saad natuke haavata vastase palliga m\u00e4ngu, et nad ei tunne ennast palliga nii mugavalt ja v\u00f5ib-olla loovutavad palli tagasi natuke kiiremini,&#8221; jagas Eesti koondise peatreener, kuidas see v\u00f5itlus v\u00e4lja peaks n\u00e4gema.<\/p>\n<p>&#8220;Midagi kindlasti muudame&#8221;&#13;\n<\/p>\n<p>Eestil on l\u00f5ppenud koondiseaastast kirjas \u00fcks v\u00f5it, kaks viiki ja kuus kaotust. K\u00fcprosel selle peale nii ei m\u00f5elda. &#8220;Soovime kindlasti teha hea korraliku m\u00e4ngu siia aasta l\u00f5ppu. Just m\u00e4ngupildi m\u00f5ttes. Loomulikult soovime ka head tulemust, aga ma ei tea, kui palju r\u00f5\u00f5mustaks hea tulemus kehva m\u00e4ngupildiga. Sooviksime ikka korralikult m\u00e4ngida,&#8221; toonitas Henn.&#13;\n<\/p>\n<p>Selle aluseks n\u00e4ib olevat ikkagi viiene tagaliin. &#8220;Ma arvan, et Norrast saime v\u00e4ga head tagasisidet ja materjali, mis t\u00f6\u00f6tas h\u00e4sti ja millega saame edasi minna. See andis eriti sellises tugevas m\u00e4ngus v\u00e4ga hea stabiilsuse ja meid oli minu arvates v\u00e4ga-v\u00e4ga raske murda. Vastane leidis v\u00e4ravad \u00fcles ikkagi individuaalse v\u00f5imsuse ja kvaliteedi pealt,&#8221; j\u00e4tkas Henn.&#13;\n<\/p>\n<p>&#8220;Polnud kordagi sellist tunnet, et me oleks kastis v\u00f5i kaitses kuidagi segamini ja laiali ja vastasel on v\u00e4ga palju ruumi. V\u00f5imalusi kinkisime v\u00e4he ja see annab meile hea tunde, et selle asetusega suudame kaitses kindlasti tugevad olla,&#8221; s\u00f5nas ta.<\/p>\n<p>M\u00e4ngus K\u00fcprose vastu planeerib Henn mitmeid vahetusi, kuid t\u00e4pne olukord selgub &#8211; nagu ikka &#8211; viimasel treeningul. &#8220;Mingid vahetused kindlasti tulevad. M\u00f5ned ilmselt rotatsiooni m\u00f5ttes, m\u00f5ned taktikaliselt, aga midagi kindlasti muudame,&#8221; kinnitas Eesti koondise peatreener.&#13;\n<\/p>\n<p>\u00dcheks v\u00f5imaluseks oleks Kristofer K\u00e4idi deb\u00fc\u00fct. Henni s\u00f5nul on noor keskkaitsja ruttu sulandunud. &#8220;Ma arvan, et ta on end h\u00e4sti tundnud. Selle l\u00fchikese ajaga on ta h\u00e4sti sisse elanud ja f\u00fc\u00fcsiliselt v\u00e4ga h\u00e4sti kohanenud. See ei ole tihtpeale lihtne, kui sa ei tea t\u00e4pselt, mida meeskond teeb ja mis \u00fclesanded t\u00e4pselt on. Aga vaatame, mis tulevik tema osas toob,&#8221; s\u00f5nas J\u00fcrgen Henn naeratuse saatel.&#13;\n<\/p>\n<p>K\u00fcpros ja Eesti kohtuvad maav\u00f5istluses teisip\u00e4eva \u00f5htul algusega kell 19. Soccernet.ee on m\u00e4ngupaigas s\u00fcndmusi vahendamas.<\/p>\n","protected":false},"excerpt":{"rendered":"&#13; Eesti meeste koondis kohtub teisip\u00e4eval v\u00f5\u00f5rsil K\u00fcprosega. Peatreener J\u00fcrgen Henn kinnitas, et koosseisus tulevad mingisugused muudatused. MM-valiksarja&hellip;\n","protected":false},"author":2,"featured_media":44419,"comment_status":"","ping_status":"","sticky":false,"template":"","format":"standard","meta":{"footnotes":"","_share_on_mastodon":"0"},"categories":[18],"tags":[37,33,35,5289,5290,34,36,8054,6611,9633,21793,159,158],"class_list":["post-44418","post","type-post","status-publish","format-standard","has-post-thumbnail","category-sport","tag-ee","tag-eesti","tag-eesti-keel","tag-eesti-koondis","tag-eesti-meeste-koondis","tag-estonia","tag-estonian","tag-henn","tag-jurgen-henn","tag-kupros","tag-limassol","tag-sport","tag-sports"],"share_on_mastodon":{"url":"https:\/\/pubeurope.com\/@ee\/115565585151643692","error":""},"_links":{"self":[{"href":"https:\/\/www.europesays.com\/ee\/wp-json\/wp\/v2\/posts\/44418","targetHints":{"allow":["GET"]}}],"collection":[{"href":"https:\/\/www.europesays.com\/ee\/wp-json\/wp\/v2\/posts"}],"about":[{"href":"https:\/\/www.europesays.com\/ee\/wp-json\/wp\/v2\/types\/post"}],"author":[{"embeddable":true,"href":"https:\/\/www.europesays.com\/ee\/wp-json\/wp\/v2\/users\/2"}],"replies":[{"embeddable":true,"href":"https:\/\/www.europesays.com\/ee\/wp-json\/wp\/v2\/comments?post=44418"}],"version-history":[{"count":0,"href":"https:\/\/www.europesays.com\/ee\/wp-json\/wp\/v2\/posts\/44418\/revisions"}],"wp:featuredmedia":[{"embeddable":true,"href":"https:\/\/www.europesays.com\/ee\/wp-json\/wp\/v2\/media\/44419"}],"wp:attachment":[{"href":"https:\/\/www.europesays.com\/ee\/wp-json\/wp\/v2\/media?parent=44418"}],"wp:term":[{"taxonomy":"category","embeddable":true,"href":"https:\/\/www.europesays.com\/ee\/wp-json\/wp\/v2\/categories?post=44418"},{"taxonomy":"post_tag","embeddable":true,"href":"https:\/\/www.europesays.com\/ee\/wp-json\/wp\/v2\/tags?post=44418"}],"curies":[{"name":"wp","href":"https:\/\/api.w.org\/{rel}","templated":true}]}}