{"id":44608,"date":"2025-11-17T19:07:11","date_gmt":"2025-11-17T19:07:11","guid":{"rendered":"https:\/\/www.europesays.com\/ee\/44608\/"},"modified":"2025-11-17T19:07:11","modified_gmt":"2025-11-17T19:07:11","slug":"juhtkiri-theatrumi-juhtum-olgu-aratuskell-peame-olema-valmis-ka-teatreid-rahata-jatma-eesti-paevaleht","status":"publish","type":"post","link":"https:\/\/www.europesays.com\/ee\/44608\/","title":{"rendered":"JUHTKIRI | Theatrumi juhtum olgu \u00e4ratuskell. Peame olema valmis ka teatreid rahata j\u00e4tma &#8211; Eesti P\u00e4evaleht"},"content":{"rendered":"<ol>\n<li><a href=\"https:\/\/news.google.com\/rss\/articles\/CBMiwwFBVV95cUxNSkYxMUdfSDFnTmJmZ200OGdnNWlhVGhMMjBFMVJzU3k3a0lHV2Z1bjdnQkdmQ1dDWWNMWGNpRTBGUHJDUHZoY2ZhZlZOWVk2RnlVdFNLem45NHZOeUNQWVkzdTdEN3NfZXFQdWEzalJkNHBMWVBQcGE1a3gtWlB4QUhGVGpJVWhVRHJYTHktaDVXRzlvNW9NTGNqMndXY2tyZzVVTlFBenVrb0wwalZRUEx3YWY5WXZnNnVkMWoyN2Y5T3c?oc=5\" target=\"_blank\" rel=\"nofollow noopener\">JUHTKIRI | Theatrumi juhtum olgu \u00e4ratuskell. Peame olema valmis ka teatreid rahata j\u00e4tma<\/a>&nbsp;&nbsp;Eesti P\u00e4evaleht<\/li>\n<li><a href=\"https:\/\/news.google.com\/rss\/articles\/CBMiigFBVV95cUxOOHdHNU54T25CTTRSM1B2ME1kbXBPdHZ0cGJFYmFHYm1FSDQzUldxQ3NRTEhuSWdFX2kta2FaM0hHRDh6SVVYcEVacUZOYkNiU3NyQUVaNlNwUXEtSDZ2Z3VralZsUzV4NDNjVTZUZlAyeUtfWWZhakNYX1pyTUFZbF9vbEIwdW5CZWc?oc=5\" target=\"_blank\" rel=\"nofollow noopener\">Meelis Oidsalu: siin- ja sealpool rahastusl\u00e4vendit<\/a>&nbsp;&nbsp;kultuur | ERR<\/li>\n<li><a href=\"https:\/\/news.google.com\/rss\/articles\/CBMiqAFBVV95cUxOQWdaYmh2M3AxZ1p3aTRxVkthczdKX19vbTFBNEtmcXpLbTYzZER4UENuX1pCQXEzX0tFaFpMR1RRU2lfU19WZEtiM1dUUzBmWE9VSjl4elVWdzRsSzltX0t1Um9yTXJ2dXkwanVuRmZXUU80UGhMMGRTNERTQmNDRGZJY2ZFVVdYa0RuS3M1amJSUkczMVFZbHdGdVJlUllxc1pocWVSdlc?oc=5\" target=\"_blank\" rel=\"nofollow noopener\">Erateatrite \u00fchisp\u00f6\u00f6rdumine: praegune rahastus seab meie tuleviku ohtu!<\/a>&nbsp;&nbsp;Postimees<\/li>\n<li><a href=\"https:\/\/news.google.com\/rss\/articles\/CBMiqgFBVV95cUxNTUt3QVk3UzZHZGhNVVRYSFl3dVFFRmZsanVmckJBdDVvOHlGcWtGVEtWSkxuWWloVmdfeF9SQWlaOXEyUTRyYk1kU2JaRVUzY1FvMng3SDBWVGtELUNyN1FWWVFBc01fTVJpV1V0a00zV2JPLWtfSUc5RUJCa1MzaEhuSmlxYUFJM1htSFRPc2VtZ1A2amVZRF9pWnhwbkNMTFVCQmh2X1Mxdw?oc=5\" target=\"_blank\" rel=\"nofollow noopener\">Theatrumi juht Lembit Peterson: oleme \u00e4ra teeninud, et riik meid toetab<\/a>&nbsp;&nbsp;\u00d5htuleht<\/li>\n<li><a href=\"https:\/\/news.google.com\/rss\/articles\/CBMigAJBVV95cUxPMXR6Zjd0VFVCVWlHWHp4MkRuZW9MMUtZaXZnUGlobmRONXR2VGYtTmhjMm84LUFBNW9la2toVDBNbFZzN1hrbElnbVY1UFNwRWtlaUg3bFp6SHBKd3RqOS10d2tqYnhBNkRqVlpXVG1mMDYzMTR6MDMwZkJMdFBmZ3I1aE5kbEFhM0M2ME5sdW4yYnJqSTlWRWxpUEVTekJKNjBfbms4bDJ2REVYLXBiekhGNkt0T0RnM0dCeFVuakRBNTh6WVYzSlQzNUQwVFFwYVNTaXpyZVJ1WU1mX2Q0cHRUZS1FaklIX2Z5VW4tWGNsYUNUSUF6V0QzOERNT3dp?oc=5\" target=\"_blank\" rel=\"nofollow noopener\">AVALIK KIRI EESTI VABARIIGI KULTUURIMINISTRILE | Theatrumi \u00fcheks aastaks toetuseta j\u00e4tmine on olulise kultuurilise s\u00fcsteemi l\u00f5hkumine<\/a>&nbsp;&nbsp;Eesti P\u00e4evaleht<\/li>\n<\/ol>\n","protected":false},"excerpt":{"rendered":"JUHTKIRI | Theatrumi juhtum olgu \u00e4ratuskell. Peame olema valmis ka teatreid rahata j\u00e4tma&nbsp;&nbsp;Eesti P\u00e4evaleht Meelis Oidsalu: siin- ja&hellip;\n","protected":false},"author":2,"featured_media":44609,"comment_status":"","ping_status":"","sticky":false,"template":"","format":"standard","meta":{"footnotes":"","_share_on_mastodon":"0"},"categories":[5],"tags":[26,27,37,33,35,34,36,31,32,21,73,6814,28,29,19,25,19828,23,24,22,20,30],"class_list":["post-44608","post","type-post","status-publish","format-standard","has-post-thumbnail","category-uldised-uudised","tag-breaking-news","tag-breakingnews","tag-ee","tag-eesti","tag-eesti-keel","tag-estonia","tag-estonian","tag-featured-news","tag-featurednews","tag-headlines","tag-juhtkiri","tag-kultuuri-rahastamine","tag-latest-news","tag-latestnews","tag-news","tag-populaarseimad-lood","tag-theatrum","tag-top-stories","tag-topstories","tag-uldised-uudised","tag-uudised","tag-viimased-uudised"],"share_on_mastodon":{"url":"https:\/\/pubeurope.com\/@ee\/115566611210944135","error":""},"_links":{"self":[{"href":"https:\/\/www.europesays.com\/ee\/wp-json\/wp\/v2\/posts\/44608","targetHints":{"allow":["GET"]}}],"collection":[{"href":"https:\/\/www.europesays.com\/ee\/wp-json\/wp\/v2\/posts"}],"about":[{"href":"https:\/\/www.europesays.com\/ee\/wp-json\/wp\/v2\/types\/post"}],"author":[{"embeddable":true,"href":"https:\/\/www.europesays.com\/ee\/wp-json\/wp\/v2\/users\/2"}],"replies":[{"embeddable":true,"href":"https:\/\/www.europesays.com\/ee\/wp-json\/wp\/v2\/comments?post=44608"}],"version-history":[{"count":0,"href":"https:\/\/www.europesays.com\/ee\/wp-json\/wp\/v2\/posts\/44608\/revisions"}],"wp:featuredmedia":[{"embeddable":true,"href":"https:\/\/www.europesays.com\/ee\/wp-json\/wp\/v2\/media\/44609"}],"wp:attachment":[{"href":"https:\/\/www.europesays.com\/ee\/wp-json\/wp\/v2\/media?parent=44608"}],"wp:term":[{"taxonomy":"category","embeddable":true,"href":"https:\/\/www.europesays.com\/ee\/wp-json\/wp\/v2\/categories?post=44608"},{"taxonomy":"post_tag","embeddable":true,"href":"https:\/\/www.europesays.com\/ee\/wp-json\/wp\/v2\/tags?post=44608"}],"curies":[{"name":"wp","href":"https:\/\/api.w.org\/{rel}","templated":true}]}}