{"id":45725,"date":"2025-11-19T07:04:31","date_gmt":"2025-11-19T07:04:31","guid":{"rendered":"https:\/\/www.europesays.com\/ee\/45725\/"},"modified":"2025-11-19T07:04:31","modified_gmt":"2025-11-19T07:04:31","slug":"hoiatus-%e2%9f%a9-suverehvidega-ei-tasu-liiklusesse-minna-parnu-postimees","status":"publish","type":"post","link":"https:\/\/www.europesays.com\/ee\/45725\/","title":{"rendered":"HOIATUS \u27e9 Suverehvidega ei tasu liiklusesse minna &#8211; P\u00e4rnu Postimees"},"content":{"rendered":"<ol>\n<li><a href=\"https:\/\/news.google.com\/rss\/articles\/CBMiigFBVV95cUxPSThRTzk0WF9sWko4S2Z4S0xiQW5uNHNHVXdvbmlubUVjd2o3al9GaTlUbV91SWZpWlIzemhzLTJ6QVRDMk5kQTBBMW14ZnotUWZSbFBmbkh0cGFWLWNWRkhJbU5BTjZKbUhaNUk5T3RBUVljUXJwWG1tNnNacmIzX2dQbE1IS0pYbXc?oc=5\" target=\"_blank\" rel=\"nofollow noopener\">HOIATUS \u27e9 Suverehvidega ei tasu liiklusesse minna<\/a>&nbsp;&nbsp;P\u00e4rnu Postimees<\/li>\n<li><a href=\"https:\/\/news.google.com\/rss\/articles\/CBMiqgFBVV95cUxPRUhFSDAtNjNUSEIwRHNWclFQUUpkVm0xTldpRkJpNU1TSVktNU9nR2Z5WV9CcjRnV3pwMmJxUl8za0piS193UkxCdWYtX1lJM1JsS3o2WFl6Sk95SEJuRGgxRFZTQWNLTTFRa2Y0ZktxNFdDYUx3Z2JtVzB3MlF2OWxiLWxrX0Rid09PVkRPUkxmTXVXVDlYVzZjOXZqZlFPdU4xTTZnNk1VZw?oc=5\" target=\"_blank\" rel=\"nofollow noopener\">VIDEO | ETTEVAATUST! Teed on soolam\u00e4rjad, suverehvidega pole soovituslik s\u00f5ita<\/a>&nbsp;&nbsp;\u00d5htuleht<\/li>\n<li><a href=\"https:\/\/news.google.com\/rss\/articles\/CBMiiAFBVV95cUxQRDlDdnNzRTRUZVFPUW9IaHVTeVR4RlNvdDNmX1VzVURwbGJUa2NxSmdubjZrb1hBVUhXSTg1RWx4Vjh2UWNKYmxNeUJwcFRIQlVtRTNsd3M3dGZqSzNrbDhxckJuYjdYc2stdXpyVVVWdGJuU2xHck9ZS2sxcHB3cmlJRWNjV0tC?oc=5\" target=\"_blank\" rel=\"nofollow noopener\">N\u00c4DALA ILMAPROGNOOS \u27e9 L\u00f6rtsi jagub kogu n\u00e4dalaks<\/a>&nbsp;&nbsp;P\u00e4rnu Postimees<\/li>\n<li><a href=\"https:\/\/news.google.com\/rss\/articles\/CBMikgFBVV95cUxOZ2pwbi0wZ2E5T25qeGd4SER3ODJkWmVzc0M4U1dockg5cW4xOEtuMGhsOFFVNWRIZjFCaHFkekI0MEpudlpHb3ZMTExYcndvOXhCUjk0MkxhYmN3clFYVmVHN01fOHhIcjZfSWR0QzFQWGMyMlU4R3RrOGQ4bllXMkl4SkJmRHd4U1FFRE1GOVYtUQ?oc=5\" target=\"_blank\" rel=\"nofollow noopener\">ILMATEADE | Temperatuur sel n\u00e4dalal \u00fcha langeb<\/a>&nbsp;&nbsp;Maaleht<\/li>\n<li><a href=\"https:\/\/news.google.com\/rss\/articles\/CBMifEFVX3lxTE5YREd1SGNtbWFRODl4eHNRZ1dQR0tpTlBsaHRNR0ZhMTY3dE9TdW5aM2h4LS1ibFBfVDg3SzhvTXhDVUpMU2RlOXJrSFdBYmtlbGlzaWk0WnFWYWQwVWlMOURfYVFySXA1VTlISzQ3b19BV2pXeVVSVjRBTEw?oc=5\" target=\"_blank\" rel=\"nofollow noopener\">\u00d5htu- ja \u00f6\u00f6tunnid muudavad teed libedaks<\/a>&nbsp;&nbsp;L\u00e4\u00e4ne Elu<\/li>\n<\/ol>\n","protected":false},"excerpt":{"rendered":"HOIATUS \u27e9 Suverehvidega ei tasu liiklusesse minna&nbsp;&nbsp;P\u00e4rnu Postimees VIDEO | ETTEVAATUST! Teed on soolam\u00e4rjad, suverehvidega pole soovituslik s\u00f5ita&nbsp;&nbsp;\u00d5htuleht&hellip;\n","protected":false},"author":2,"featured_media":45726,"comment_status":"","ping_status":"","sticky":false,"template":"","format":"standard","meta":{"footnotes":"","_share_on_mastodon":"0"},"categories":[12],"tags":[26,27,37,33,35,34,36,31,32,21,6997,28,29,22816,7430,8118,19,25,22815,23,24,2086,22,20,4324,30],"class_list":["post-45725","post","type-post","status-publish","format-standard","has-post-thumbnail","category-eesti","tag-breaking-news","tag-breakingnews","tag-ee","tag-eesti","tag-eesti-keel","tag-estonia","tag-estonian","tag-featured-news","tag-featurednews","tag-headlines","tag-keskkonnaagentuur","tag-latest-news","tag-latestnews","tag-liivi-laht","tag-lorts","tag-lumi","tag-news","tag-populaarseimad-lood","tag-sajuala","tag-top-stories","tag-topstories","tag-transpordiamet","tag-uldised-uudised","tag-uudised","tag-vihm","tag-viimased-uudised"],"share_on_mastodon":{"url":"https:\/\/pubeurope.com\/@ee\/115575092938542567","error":""},"_links":{"self":[{"href":"https:\/\/www.europesays.com\/ee\/wp-json\/wp\/v2\/posts\/45725","targetHints":{"allow":["GET"]}}],"collection":[{"href":"https:\/\/www.europesays.com\/ee\/wp-json\/wp\/v2\/posts"}],"about":[{"href":"https:\/\/www.europesays.com\/ee\/wp-json\/wp\/v2\/types\/post"}],"author":[{"embeddable":true,"href":"https:\/\/www.europesays.com\/ee\/wp-json\/wp\/v2\/users\/2"}],"replies":[{"embeddable":true,"href":"https:\/\/www.europesays.com\/ee\/wp-json\/wp\/v2\/comments?post=45725"}],"version-history":[{"count":0,"href":"https:\/\/www.europesays.com\/ee\/wp-json\/wp\/v2\/posts\/45725\/revisions"}],"wp:featuredmedia":[{"embeddable":true,"href":"https:\/\/www.europesays.com\/ee\/wp-json\/wp\/v2\/media\/45726"}],"wp:attachment":[{"href":"https:\/\/www.europesays.com\/ee\/wp-json\/wp\/v2\/media?parent=45725"}],"wp:term":[{"taxonomy":"category","embeddable":true,"href":"https:\/\/www.europesays.com\/ee\/wp-json\/wp\/v2\/categories?post=45725"},{"taxonomy":"post_tag","embeddable":true,"href":"https:\/\/www.europesays.com\/ee\/wp-json\/wp\/v2\/tags?post=45725"}],"curies":[{"name":"wp","href":"https:\/\/api.w.org\/{rel}","templated":true}]}}