{"id":46057,"date":"2025-11-19T13:20:08","date_gmt":"2025-11-19T13:20:08","guid":{"rendered":"https:\/\/www.europesays.com\/ee\/46057\/"},"modified":"2025-11-19T13:20:08","modified_gmt":"2025-11-19T13:20:08","slug":"politico-ukraina-rahukokkulepe-voib-tulla-juba-sel-nadalal","status":"publish","type":"post","link":"https:\/\/www.europesays.com\/ee\/46057\/","title":{"rendered":"Politico: Ukraina rahukokkulepe v\u00f5ib tulla juba sel n\u00e4dalal"},"content":{"rendered":"<p>Politico teatas eile \u00f5htul <a rel=\"noopener nofollow\" target=\"_blank\" href=\"https:\/\/www.delfi.ee\/teema\/22971743\/usa\" tag-id=\"22971743\">USA<\/a> armeeministri Dan Driscolli ja armee staabi\u00fclema, kindral Randy George\u2019i ebaharilikust visiidist <a rel=\"noopener nofollow\" target=\"_blank\" href=\"https:\/\/www.delfi.ee\/teema\/29718775\/kiiev\" tag-id=\"29718775\">Kiievisse<\/a> veel kahe neljat\u00e4rnikindrali ja teiste s\u00f5jav\u00e4elaste saatel.<\/p>\n<p>\u201eMeil on USA-st m\u00f5ningaid seisukohti ja signaale,\u201c \u00fctles Zelensk\u00f5i.<\/p>\n<p>Axios teatas eile \u00f5htul Valge Maja ja <a rel=\"noopener nofollow\" target=\"_blank\" href=\"https:\/\/www.delfi.ee\/teema\/22871535\/moskva\" tag-id=\"22871535\">Moskva<\/a> vahel koostatavast salajasest rahuplaanist. USA presidendi <a rel=\"noopener nofollow\" target=\"_blank\" href=\"https:\/\/www.delfi.ee\/teema\/32758637\/donald-trump\" tag-id=\"32758637\">Donald Trumpi<\/a> administratsiooni ametnikud \u00fctlesid eile \u00f5htul Politicole, et on suure l\u00e4bimurde l\u00e4vel.<\/p>\n<p>Politico teatel n\u00e4ib, et plaani esitletakse Zelensk\u00f5ile kui juba s\u00fcndinud fakti.<\/p>\n<p>\u201eMida me kavatseme [Ukrainale] esitleda, on m\u00f5istlik,\u201c \u00fctles Valge Maja k\u00f5rge ametnik Politicole. V\u00e4ljaanne kirjutab, et Trumpi administratsioon arvab, et nii lahinguv\u00e4ljal kui ka korruptsiooniskandaali t\u00f5ttu surve all olev Zelensk\u00f5i peab pakutavaga n\u00f5ustuma.<\/p>\n<p><a rel=\"noopener nofollow\" target=\"_blank\" href=\"https:\/\/www.delfi.ee\/teema\/25138591\/euroopa\" tag-id=\"25138591\">Euroopa<\/a> arvamus ei ole Politico teatel t\u00e4htis. \u201eMe ei hooli eriti eurooplastest,\u201c \u00fctles Valge Maja ametnik Politicole. \u201eAsi on Ukraina n\u00f5ustumises.\u201c<\/p>\n<p>    Kuidas see lugu Sind end tundma pani?<br \/>\n        Saada<br \/>\n           <a href=\"https:\/\/www.delfi.ee\/artikkel\/120418228\/politico-ukraina-rahukokkulepe-voib-tulla-juba-sel-nadalal\/kommentaarid\" class=\"article-body-bottom__comment article-body-bottom__comment--write button button--primary button--size-auto\" rel=\"nofollow noopener\" target=\"_blank\"><br \/>\n        Kommenteeri<br \/>\n       <\/a> <a href=\"https:\/\/www.delfi.ee\/artikkel\/120418228\/politico-ukraina-rahukokkulepe-voib-tulla-juba-sel-nadalal\/kommentaarid\" class=\"article-body-bottom__comment article-body-bottom__comment--read button button--size-auto\" rel=\"nofollow noopener\" target=\"_blank\"><br \/>\n        Loe kommentaare (11) <\/a>  <\/p>\n","protected":false},"excerpt":{"rendered":"Politico teatas eile \u00f5htul USA armeeministri Dan Driscolli ja armee staabi\u00fclema, kindral Randy George\u2019i ebaharilikust visiidist Kiievisse veel&hellip;\n","protected":false},"author":2,"featured_media":46058,"comment_status":"","ping_status":"","sticky":false,"template":"","format":"standard","meta":{"footnotes":""},"categories":[5],"tags":[7529,26,27,324,37,33,35,34,36,112,31,32,21,1208,28,29,108,19,25,2066,107,23,24,329,262,22,325,20,1177,30,263],"class_list":{"0":"post-46057","1":"post","2":"type-post","3":"status-publish","4":"format-standard","5":"has-post-thumbnail","7":"category-uldised-uudised","8":"tag-ankara","9":"tag-breaking-news","10":"tag-breakingnews","11":"tag-donald-trump","12":"tag-ee","13":"tag-eesti","14":"tag-eesti-keel","15":"tag-estonia","16":"tag-estonian","17":"tag-euroopa","18":"tag-featured-news","19":"tag-featurednews","20":"tag-headlines","21":"tag-kiiev","22":"tag-latest-news","23":"tag-latestnews","24":"tag-moskva","25":"tag-news","26":"tag-populaarseimad-lood","27":"tag-recep-tayyip-erdogan","28":"tag-soda-ukrainas","29":"tag-top-stories","30":"tag-topstories","31":"tag-turgi","32":"tag-ukraina","33":"tag-uldised-uudised","34":"tag-usa","35":"tag-uudised","36":"tag-valge-maja-usa","37":"tag-viimased-uudised","38":"tag-volodomor-zelenskoi"},"share_on_mastodon":{"url":"https:\/\/pubeurope.com\/@ee\/115576571325688893","error":""},"_links":{"self":[{"href":"https:\/\/www.europesays.com\/ee\/wp-json\/wp\/v2\/posts\/46057","targetHints":{"allow":["GET"]}}],"collection":[{"href":"https:\/\/www.europesays.com\/ee\/wp-json\/wp\/v2\/posts"}],"about":[{"href":"https:\/\/www.europesays.com\/ee\/wp-json\/wp\/v2\/types\/post"}],"author":[{"embeddable":true,"href":"https:\/\/www.europesays.com\/ee\/wp-json\/wp\/v2\/users\/2"}],"replies":[{"embeddable":true,"href":"https:\/\/www.europesays.com\/ee\/wp-json\/wp\/v2\/comments?post=46057"}],"version-history":[{"count":0,"href":"https:\/\/www.europesays.com\/ee\/wp-json\/wp\/v2\/posts\/46057\/revisions"}],"wp:featuredmedia":[{"embeddable":true,"href":"https:\/\/www.europesays.com\/ee\/wp-json\/wp\/v2\/media\/46058"}],"wp:attachment":[{"href":"https:\/\/www.europesays.com\/ee\/wp-json\/wp\/v2\/media?parent=46057"}],"wp:term":[{"taxonomy":"category","embeddable":true,"href":"https:\/\/www.europesays.com\/ee\/wp-json\/wp\/v2\/categories?post=46057"},{"taxonomy":"post_tag","embeddable":true,"href":"https:\/\/www.europesays.com\/ee\/wp-json\/wp\/v2\/tags?post=46057"}],"curies":[{"name":"wp","href":"https:\/\/api.w.org\/{rel}","templated":true}]}}