{"id":46156,"date":"2025-11-19T15:16:08","date_gmt":"2025-11-19T15:16:08","guid":{"rendered":"https:\/\/www.europesays.com\/ee\/46156\/"},"modified":"2025-11-19T15:16:08","modified_gmt":"2025-11-19T15:16:08","slug":"klops-ebareaalne-kuidas-mul-ikka-joppas-silver-laas-tahistab-pulma-aastapaeva-sensuaalse-fotoga-abikaasast","status":"publish","type":"post","link":"https:\/\/www.europesays.com\/ee\/46156\/","title":{"rendered":"KL\u00d5PS | \u201eEbareaalne, kuidas mul ikka joppas!\u201c Silver Laas t\u00e4histab pulma-aastap\u00e4eva sensuaalse fotoga abikaasast"},"content":{"rendered":"<p>Trafficu ninamees Silver Laas (40) t\u00e4histab novembris abikaasa Anni Laasiga (38) 19. pulma-aastap\u00e4eva. <\/p>\n<p>T\u00e4htsa p\u00e4eva markeeris ta \u00fchismeedias \u00e4ra sensuaalse fotoga abikaasast. \u201e19 aastat abielu, te ainult vaadake teda! Ebareaalne, kuidas mul ikka joppas,\u201c lausub muusik Instagrami postitatud story pealkirjas, kus tema naine n\u00e4htavasti alasti vannis on.<\/p>\n<p>   <img decoding=\"async\" src=\"https:\/\/www.europesays.com\/ee\/wp-content\/uploads\/2025\/11\/ba269130-d420-4251-8932-9ed25dbf8868.jpg\" loading=\"lazy\" alt=\"Kuvat\u00f5mmis Silveri story'st\"\/>   <\/p>\n<p>Silver ja Anni kohtusid juba lapsep\u00f5lves, k\u00fcmneaastastena. Tutvusest kasvas armastus ning n\u00fc\u00fcd on nad olnud juba aastaid \u00f5nnelikus abielus. Abielu s\u00f5lmisid nad 2006. aastal.<\/p>\n<p>\u201eAbielu oli loomulik samm meie jaoks, Anni on mu parim s\u00f5ber ja naine, keda armastan, miks siis mitte ka asi ametlikuks teha. M\u00f5istus tuli p\u00e4he ja m\u00e4ssumeelsus l\u00e4ks \u00fcle, seda juba enne abielu,\u201c r\u00e4\u00e4kis laulja abiellumisotsust aastaid tagasi.<\/p>\n<p>Mullu r\u00e4\u00e4kis Silver Kroonikale, et Anni on nende koosoldud aja jooksul muutunud enesekindlamaks nii isiksusena kui t\u00f6\u00f6alaselt ning tegutseb sihikindlalt oma soovide nimel. \u201eAnni arengut on olnud \u00e4ge j\u00e4lgida. Ta on v\u00e4ga v\u00f5imekas oma plaanide elluviimisel. Kui tahan kuskil viilida, on ta v\u00e4ga osav mind rajale tagasi t\u00f5mbama,\u201c muheles Silver.<\/p>\n<p>Paari peres kasvavad t\u00fctar Lola Mari (18) ja poeg Priidik (5).<\/p>\n<p>    Kuidas see lugu Sind end tundma pani?<br \/>\n        Saada<br \/>\n           <a href=\"https:\/\/kroonika.delfi.ee\/artikkel\/120418274\/klops-ebareaalne-kuidas-mul-ikka-joppas-silver-laas-tahistab-pulma-aastapaeva-sensuaalse-fotoga-abikaasast\/kommentaarid\" class=\"article-body-bottom__comment article-body-bottom__comment--write button button--primary button--size-auto\" rel=\"nofollow noopener\" target=\"_blank\"><br \/>\n        Kommenteeri<br \/>\n       <\/a> <a href=\"https:\/\/kroonika.delfi.ee\/artikkel\/120418274\/klops-ebareaalne-kuidas-mul-ikka-joppas-silver-laas-tahistab-pulma-aastapaeva-sensuaalse-fotoga-abikaasast\/kommentaarid\" class=\"article-body-bottom__comment article-body-bottom__comment--read button button--size-auto\" rel=\"nofollow noopener\" target=\"_blank\"><br \/>\n        Loe kommentaare (3) <\/a>  <\/p>\n","protected":false},"excerpt":{"rendered":"Trafficu ninamees Silver Laas (40) t\u00e4histab novembris abikaasa Anni Laasiga (38) 19. pulma-aastap\u00e4eva. T\u00e4htsa p\u00e4eva markeeris ta \u00fchismeedias&hellip;\n","protected":false},"author":2,"featured_media":46157,"comment_status":"","ping_status":"","sticky":false,"template":"","format":"standard","meta":{"footnotes":"","_share_on_mastodon":"0"},"categories":[16],"tags":[37,33,35,173,34,36,140,4759],"class_list":["post-46156","post","type-post","status-publish","format-standard","has-post-thumbnail","category-meelelahutus","tag-ee","tag-eesti","tag-eesti-keel","tag-entertainment","tag-estonia","tag-estonian","tag-meelelahutus","tag-silver-laas"],"share_on_mastodon":{"url":"https:\/\/pubeurope.com\/@ee\/115577027612432582","error":""},"_links":{"self":[{"href":"https:\/\/www.europesays.com\/ee\/wp-json\/wp\/v2\/posts\/46156","targetHints":{"allow":["GET"]}}],"collection":[{"href":"https:\/\/www.europesays.com\/ee\/wp-json\/wp\/v2\/posts"}],"about":[{"href":"https:\/\/www.europesays.com\/ee\/wp-json\/wp\/v2\/types\/post"}],"author":[{"embeddable":true,"href":"https:\/\/www.europesays.com\/ee\/wp-json\/wp\/v2\/users\/2"}],"replies":[{"embeddable":true,"href":"https:\/\/www.europesays.com\/ee\/wp-json\/wp\/v2\/comments?post=46156"}],"version-history":[{"count":0,"href":"https:\/\/www.europesays.com\/ee\/wp-json\/wp\/v2\/posts\/46156\/revisions"}],"wp:featuredmedia":[{"embeddable":true,"href":"https:\/\/www.europesays.com\/ee\/wp-json\/wp\/v2\/media\/46157"}],"wp:attachment":[{"href":"https:\/\/www.europesays.com\/ee\/wp-json\/wp\/v2\/media?parent=46156"}],"wp:term":[{"taxonomy":"category","embeddable":true,"href":"https:\/\/www.europesays.com\/ee\/wp-json\/wp\/v2\/categories?post=46156"},{"taxonomy":"post_tag","embeddable":true,"href":"https:\/\/www.europesays.com\/ee\/wp-json\/wp\/v2\/tags?post=46156"}],"curies":[{"name":"wp","href":"https:\/\/api.w.org\/{rel}","templated":true}]}}