{"id":46192,"date":"2025-11-19T15:50:10","date_gmt":"2025-11-19T15:50:10","guid":{"rendered":"https:\/\/www.europesays.com\/ee\/46192\/"},"modified":"2025-11-19T15:50:10","modified_gmt":"2025-11-19T15:50:10","slug":"tanak-tuleb-jargmisel-wrc-etapil-starti-hyundai-taiustatud-mudeliga","status":"publish","type":"post","link":"https:\/\/www.europesays.com\/ee\/46192\/","title":{"rendered":"T\u00e4nak tuleb j\u00e4rgmisel WRC-etapil starti Hyundai t\u00e4iustatud mudeliga"},"content":{"rendered":"<p>Hyundai t\u00f5i uuenenud i20 Rally1-auto MM-etapile juba Rootsis, kuid on k\u00e4imasoleval hooajal kohati kasutanud ka vana mudelit. Eelmise aasta mudeliga s\u00f5itis Ott T\u00e4nak kaasa Kesk-Euroopa ja Jaapani MM-etapid, kuid istub Saudi Araabia rallil j\u00e4lle uuenenud Hyundaisse.<\/p>\n<p>Hyundai spordidirektor Andrew Wheatley on n\u00fc\u00fcd kindel, et Hyundai n-\u00f6 uus auto on selgelt teinud sammu edasi ja selle t\u00f5estuseks on Adrien Fourmaux\u2019 pidevalt t\u00f5usnud kiirus Jaapani MM-rallil.<\/p>\n","protected":false},"excerpt":{"rendered":"Hyundai t\u00f5i uuenenud i20 Rally1-auto MM-etapile juba Rootsis, kuid on k\u00e4imasoleval hooajal kohati kasutanud ka vana mudelit. Eelmise&hellip;\n","protected":false},"author":2,"featured_media":46193,"comment_status":"","ping_status":"","sticky":false,"template":"","format":"standard","meta":{"footnotes":"","_share_on_mastodon":"0"},"categories":[18],"tags":[1692,12156,37,33,35,34,36,3182,23030,2162,23029,1523,12157,1228,159,158],"class_list":["post-46192","post","type-post","status-publish","format-standard","has-post-thumbnail","category-sport","tag-adrien-fourmaux","tag-andrew-wheatley","tag-ee","tag-eesti","tag-eesti-keel","tag-estonia","tag-estonian","tag-hyundai","tag-i20","tag-jaapan","tag-kanaarid","tag-ott-tanak","tag-rally1","tag-saudi-araabia","tag-sport","tag-sports"],"share_on_mastodon":{"url":"https:\/\/pubeurope.com\/@ee\/115577161211805816","error":""},"_links":{"self":[{"href":"https:\/\/www.europesays.com\/ee\/wp-json\/wp\/v2\/posts\/46192","targetHints":{"allow":["GET"]}}],"collection":[{"href":"https:\/\/www.europesays.com\/ee\/wp-json\/wp\/v2\/posts"}],"about":[{"href":"https:\/\/www.europesays.com\/ee\/wp-json\/wp\/v2\/types\/post"}],"author":[{"embeddable":true,"href":"https:\/\/www.europesays.com\/ee\/wp-json\/wp\/v2\/users\/2"}],"replies":[{"embeddable":true,"href":"https:\/\/www.europesays.com\/ee\/wp-json\/wp\/v2\/comments?post=46192"}],"version-history":[{"count":0,"href":"https:\/\/www.europesays.com\/ee\/wp-json\/wp\/v2\/posts\/46192\/revisions"}],"wp:featuredmedia":[{"embeddable":true,"href":"https:\/\/www.europesays.com\/ee\/wp-json\/wp\/v2\/media\/46193"}],"wp:attachment":[{"href":"https:\/\/www.europesays.com\/ee\/wp-json\/wp\/v2\/media?parent=46192"}],"wp:term":[{"taxonomy":"category","embeddable":true,"href":"https:\/\/www.europesays.com\/ee\/wp-json\/wp\/v2\/categories?post=46192"},{"taxonomy":"post_tag","embeddable":true,"href":"https:\/\/www.europesays.com\/ee\/wp-json\/wp\/v2\/tags?post=46192"}],"curies":[{"name":"wp","href":"https:\/\/api.w.org\/{rel}","templated":true}]}}