{"id":46369,"date":"2025-11-19T19:52:08","date_gmt":"2025-11-19T19:52:08","guid":{"rendered":"https:\/\/www.europesays.com\/ee\/46369\/"},"modified":"2025-11-19T19:52:08","modified_gmt":"2025-11-19T19:52:08","slug":"poff-i-soovitus-massaja-kuidas-uks-maailma-parimaid-sotsiaalsusteeme-noort-alt-vedas","status":"publish","type":"post","link":"https:\/\/www.europesays.com\/ee\/46369\/","title":{"rendered":"P\u00d6FF-i SOOVITUS | \u201eM\u00e4ssaja\u201c. Kuidas \u00fcks maailma parimaid sotsiaals\u00fcsteeme noort alt vedas"},"content":{"rendered":"<p>Vanglat meenutav keskkond h\u00e4vitab viimasedki usalduskillud, mis t\u00fcdrukul olid &#8211; \u00fctki t\u00e4iskasvanut ei saanud enam usaldada. Samas on Vilma intelligentne, t\u00e4helepanelik ja tugeva \u00f5iglustundega ning just see muudab ta s\u00fctikuks s\u00fcsteemis, mis on aastate jooksul selgeks saanud, kuidas oma vigu peita. <\/p>\n<p>Kaotades k\u00f5ik (ja korduvalt) leiab Vilma endas siiski jaksu vastu hakata.<\/p>\n<p>      Kuidas see lugu Sind end tundma pani?<br \/>\n        Saada<br \/>\n           <a href=\"https:\/\/epl.delfi.ee\/artikkel\/120418293\/poff-i-soovitus-massaja-kuidas-uks-maailma-parimaid-sotsiaalsusteeme-noort-alt-vedas\/kommentaarid\" class=\"article-body-bottom__comment article-body-bottom__comment--write button button--primary button--size-auto\" rel=\"nofollow noopener\" target=\"_blank\"><br \/>\n        Kommenteeri<br \/>\n       <\/a> <a href=\"https:\/\/epl.delfi.ee\/artikkel\/120418293\/poff-i-soovitus-massaja-kuidas-uks-maailma-parimaid-sotsiaalsusteeme-noort-alt-vedas\/kommentaarid\" class=\"article-body-bottom__comment article-body-bottom__comment--read button button--size-auto\" rel=\"nofollow noopener\" target=\"_blank\"><br \/>\n        Loe kommentaare  <\/a>  <\/p>\n","protected":false},"excerpt":{"rendered":"Vanglat meenutav keskkond h\u00e4vitab viimasedki usalduskillud, mis t\u00fcdrukul olid &#8211; \u00fctki t\u00e4iskasvanut ei saanud enam usaldada. Samas on&hellip;\n","protected":false},"author":2,"featured_media":46370,"comment_status":"","ping_status":"","sticky":false,"template":"","format":"standard","meta":{"footnotes":""},"categories":[16],"tags":[37,33,35,173,34,36,140,2870],"class_list":{"0":"post-46369","1":"post","2":"type-post","3":"status-publish","4":"format-standard","5":"has-post-thumbnail","7":"category-meelelahutus","8":"tag-ee","9":"tag-eesti","10":"tag-eesti-keel","11":"tag-entertainment","12":"tag-estonia","13":"tag-estonian","14":"tag-meelelahutus","15":"tag-poff"},"share_on_mastodon":{"url":"https:\/\/pubeurope.com\/@ee\/115578112889767016","error":""},"_links":{"self":[{"href":"https:\/\/www.europesays.com\/ee\/wp-json\/wp\/v2\/posts\/46369","targetHints":{"allow":["GET"]}}],"collection":[{"href":"https:\/\/www.europesays.com\/ee\/wp-json\/wp\/v2\/posts"}],"about":[{"href":"https:\/\/www.europesays.com\/ee\/wp-json\/wp\/v2\/types\/post"}],"author":[{"embeddable":true,"href":"https:\/\/www.europesays.com\/ee\/wp-json\/wp\/v2\/users\/2"}],"replies":[{"embeddable":true,"href":"https:\/\/www.europesays.com\/ee\/wp-json\/wp\/v2\/comments?post=46369"}],"version-history":[{"count":0,"href":"https:\/\/www.europesays.com\/ee\/wp-json\/wp\/v2\/posts\/46369\/revisions"}],"wp:featuredmedia":[{"embeddable":true,"href":"https:\/\/www.europesays.com\/ee\/wp-json\/wp\/v2\/media\/46370"}],"wp:attachment":[{"href":"https:\/\/www.europesays.com\/ee\/wp-json\/wp\/v2\/media?parent=46369"}],"wp:term":[{"taxonomy":"category","embeddable":true,"href":"https:\/\/www.europesays.com\/ee\/wp-json\/wp\/v2\/categories?post=46369"},{"taxonomy":"post_tag","embeddable":true,"href":"https:\/\/www.europesays.com\/ee\/wp-json\/wp\/v2\/tags?post=46369"}],"curies":[{"name":"wp","href":"https:\/\/api.w.org\/{rel}","templated":true}]}}