{"id":46570,"date":"2025-11-20T06:12:08","date_gmt":"2025-11-20T06:12:08","guid":{"rendered":"https:\/\/www.europesays.com\/ee\/46570\/"},"modified":"2025-11-20T06:12:08","modified_gmt":"2025-11-20T06:12:08","slug":"pildid-%e2%9f%a9-tallinna-tartu-maanteele-kukkus-viaduktilt-suur-veoauto","status":"publish","type":"post","link":"https:\/\/www.europesays.com\/ee\/46570\/","title":{"rendered":"PILDID \u27e9 Tallinna-Tartu maanteele kukkus viaduktilt suur veoauto"},"content":{"rendered":"<p>19.11.2025 kell 13.51 toimus liiklus\u00f5nnetus Harjumaal Rae vallas Suuresta k\u00fclas Tallinn \u2013 Tartu \u2013 V\u00f5ru &#8211; Luhamaa tee 21. kilomeetril, kus 49-aastane mees s\u00f5itis veoautoga Scania Vaida viadukti peal libeduse t\u00f5ttu teelt v\u00e4lja vastu viadukti teepiiret. Seej\u00e4rel kukkus veoauto sillalt alla maanteele. Veoki juht toimetati haiglasse.<\/p>\n<p>19.11.2025 kell 14.41 teatati liiklus\u00f5nnetusest Harjumaal Kuusalu vallas Kuusalu k\u00fclas V\u00e4ike-K\u00e4li tee 1 juures, kus ristmikul liiklusm\u00e4rgi 221 (anna teed) eiranud 48-aastase mehe juhitud s\u00f5iduauto Volvo XC90 p\u00f5rkas kokku peateel liikunud s\u00f5iduautoga Ford Fiesta, mida juhtis 42-aastane naine. Fordi juht toimetati haiglasse.<\/p>\n","protected":false},"excerpt":{"rendered":"19.11.2025 kell 13.51 toimus liiklus\u00f5nnetus Harjumaal Rae vallas Suuresta k\u00fclas Tallinn \u2013 Tartu \u2013 V\u00f5ru &#8211; Luhamaa tee&hellip;\n","protected":false},"author":2,"featured_media":46571,"comment_status":"","ping_status":"","sticky":false,"template":"","format":"standard","meta":{"footnotes":"","_share_on_mastodon":"0"},"categories":[12],"tags":[26,27,37,33,35,34,36,31,32,21,23247,28,29,19,25,23246,23245,21436,23,24,22,20,30],"class_list":["post-46570","post","type-post","status-publish","format-standard","has-post-thumbnail","category-eesti","tag-breaking-news","tag-breakingnews","tag-ee","tag-eesti","tag-eesti-keel","tag-estonia","tag-estonian","tag-featured-news","tag-featurednews","tag-headlines","tag-keerulised-teeolud","tag-latest-news","tag-latestnews","tag-news","tag-populaarseimad-lood","tag-rasked-teeolud","tag-talvised-teeolud","tag-teeolud","tag-top-stories","tag-topstories","tag-uldised-uudised","tag-uudised","tag-viimased-uudised"],"share_on_mastodon":{"url":"https:\/\/pubeurope.com\/@ee\/115580550754173933","error":""},"_links":{"self":[{"href":"https:\/\/www.europesays.com\/ee\/wp-json\/wp\/v2\/posts\/46570","targetHints":{"allow":["GET"]}}],"collection":[{"href":"https:\/\/www.europesays.com\/ee\/wp-json\/wp\/v2\/posts"}],"about":[{"href":"https:\/\/www.europesays.com\/ee\/wp-json\/wp\/v2\/types\/post"}],"author":[{"embeddable":true,"href":"https:\/\/www.europesays.com\/ee\/wp-json\/wp\/v2\/users\/2"}],"replies":[{"embeddable":true,"href":"https:\/\/www.europesays.com\/ee\/wp-json\/wp\/v2\/comments?post=46570"}],"version-history":[{"count":0,"href":"https:\/\/www.europesays.com\/ee\/wp-json\/wp\/v2\/posts\/46570\/revisions"}],"wp:featuredmedia":[{"embeddable":true,"href":"https:\/\/www.europesays.com\/ee\/wp-json\/wp\/v2\/media\/46571"}],"wp:attachment":[{"href":"https:\/\/www.europesays.com\/ee\/wp-json\/wp\/v2\/media?parent=46570"}],"wp:term":[{"taxonomy":"category","embeddable":true,"href":"https:\/\/www.europesays.com\/ee\/wp-json\/wp\/v2\/categories?post=46570"},{"taxonomy":"post_tag","embeddable":true,"href":"https:\/\/www.europesays.com\/ee\/wp-json\/wp\/v2\/tags?post=46570"}],"curies":[{"name":"wp","href":"https:\/\/api.w.org\/{rel}","templated":true}]}}