{"id":46811,"date":"2025-11-20T11:30:15","date_gmt":"2025-11-20T11:30:15","guid":{"rendered":"https:\/\/www.europesays.com\/ee\/46811\/"},"modified":"2025-11-20T11:30:15","modified_gmt":"2025-11-20T11:30:15","slug":"fotod-legendaarne-korvpallitreener-andres-sober-jagas-flora-mangijatele-napunaiteid-soccernet-ee","status":"publish","type":"post","link":"https:\/\/www.europesays.com\/ee\/46811\/","title":{"rendered":"Fotod: legendaarne korvpallitreener Andres S\u00f5ber jagas Flora m\u00e4ngijatele n\u00e4pun\u00e4iteid &#8211; Soccernet.ee"},"content":{"rendered":"<p><img decoding=\"async\" src=\"https:\/\/www.europesays.com\/ee\/wp-content\/uploads\/2025\/11\/1763627547.jpg\" alt=\"Flora jalgpallurid m\u00e4ngisid Andres S\u00f5bra juhendamisel korvpalli. Foto: Taavi Verbo\"\/>&#13;\n<\/p>\n<p>Jalgpallis 16-kordseks Eesti meistriks kroonitud FC Flora m\u00e4ngijad panid ennast proovile teisel pallim\u00e4ngualal, kui teisip\u00e4eval m\u00e4ngiti korvpalli legendaarse Andres S\u00f5bra juhendamisel.<\/p>\n<p>&#8220;Oli v\u00e4ga m\u00f5nus trenn ja k\u00f5va andmine! Kohe torkas silma kui \u00fchtehoidev see meeskond on. Tegin neile pool tundi harjutusi ja siis tunni m\u00e4ngisime, k\u00f5ik v\u00f5itlesid v\u00e4ga hingestatult! Pole ime, et nad sellise v\u00f5rratu meeskonnavaimu pealt Eesti meistriks tulid! Head poisid, t\u00e4iega panid!&#8221; vahendas Flora klubi kodulehel S\u00f5bra s\u00f5nu. 69-aastane S\u00f5ber kiitis ka Flora peatreenerit Konstantin Vassiljevit. &#8220;Kostja Vassiljev on v\u00e4ga s\u00fcmpaatne inimene ja tubli treener.&#8221;&#13;\n<\/p>\n<p>Lisaks meenutas S\u00f5ber p\u00f5nevat lugu seoses Rauno Sappineni ja Rauno Allikuga. &#8220;Eks kokkulangemisi tuli ka ette. Eelmisel suvel tuli Rauno Sappinen minu juurde, tutvustas ennast, palus selfit teha ja \u00fctles, et tahab s\u00f5brale S\u00f5braga pildi saata. N\u00fc\u00fcd tuli v\u00e4lja, et see s\u00f5ber oli Rauno Alliku,&#8221; muheles korvpallilegend.&#13;\n<\/p>\n<p>&#8220;Olen selliseid treeninguid ka varem teinud ja vahel on nii, et m\u00f5ni v\u00f5tab omaks ja m\u00f5ni mitte. Tegin asja endale omase m\u00f5nusa fiilingu ja huumoriga ja oli n\u00e4ha, et mehed nautisid t\u00e4iega! Leppisime kokku, et kohtume uuesti \u2013 kevadel tulevad florakad kogu meeskonnaga m\u00f5nele Keila Korvpallikooli m\u00e4ngule kaasa elama,&#8221; lisas Keila KK peatreener.&#13;\n<\/p>\n<p>&#13;\n<\/p>\n<p>FC Flora kindlustas t\u00e4navu klubi ajaloo 16. meistritiitli Premium liiga viimases voorus, edestades l\u00f5puks FCI Levadiat kolme, N\u00f5mme Kaljut kaheksa ja Paide Linnameeskonda 12 punktiga.<\/p>\n","protected":false},"excerpt":{"rendered":"&#13; Jalgpallis 16-kordseks Eesti meistriks kroonitud FC Flora m\u00e4ngijad panid ennast proovile teisel pallim\u00e4ngualal, kui teisip\u00e4eval m\u00e4ngiti korvpalli&hellip;\n","protected":false},"author":2,"featured_media":46812,"comment_status":"","ping_status":"","sticky":false,"template":"","format":"standard","meta":{"footnotes":"","_share_on_mastodon":"0"},"categories":[18],"tags":[12583,5627,37,33,35,34,36,161,163,2823,16471,1145,1146,23384,159,158,3114],"class_list":["post-46811","post","type-post","status-publish","format-standard","has-post-thumbnail","category-sport","tag-alliku","tag-andres-sober","tag-ee","tag-eesti","tag-eesti-keel","tag-estonia","tag-estonian","tag-fc-flora","tag-flora","tag-konstantin-vassiljev","tag-rauno-alliku","tag-rauno-sappinen","tag-sappinen","tag-sober","tag-sport","tag-sports","tag-vassiljev"],"share_on_mastodon":{"url":"https:\/\/pubeurope.com\/@ee\/115581801319645564","error":""},"_links":{"self":[{"href":"https:\/\/www.europesays.com\/ee\/wp-json\/wp\/v2\/posts\/46811","targetHints":{"allow":["GET"]}}],"collection":[{"href":"https:\/\/www.europesays.com\/ee\/wp-json\/wp\/v2\/posts"}],"about":[{"href":"https:\/\/www.europesays.com\/ee\/wp-json\/wp\/v2\/types\/post"}],"author":[{"embeddable":true,"href":"https:\/\/www.europesays.com\/ee\/wp-json\/wp\/v2\/users\/2"}],"replies":[{"embeddable":true,"href":"https:\/\/www.europesays.com\/ee\/wp-json\/wp\/v2\/comments?post=46811"}],"version-history":[{"count":0,"href":"https:\/\/www.europesays.com\/ee\/wp-json\/wp\/v2\/posts\/46811\/revisions"}],"wp:featuredmedia":[{"embeddable":true,"href":"https:\/\/www.europesays.com\/ee\/wp-json\/wp\/v2\/media\/46812"}],"wp:attachment":[{"href":"https:\/\/www.europesays.com\/ee\/wp-json\/wp\/v2\/media?parent=46811"}],"wp:term":[{"taxonomy":"category","embeddable":true,"href":"https:\/\/www.europesays.com\/ee\/wp-json\/wp\/v2\/categories?post=46811"},{"taxonomy":"post_tag","embeddable":true,"href":"https:\/\/www.europesays.com\/ee\/wp-json\/wp\/v2\/tags?post=46811"}],"curies":[{"name":"wp","href":"https:\/\/api.w.org\/{rel}","templated":true}]}}