{"id":46906,"date":"2025-11-20T13:35:08","date_gmt":"2025-11-20T13:35:08","guid":{"rendered":"https:\/\/www.europesays.com\/ee\/46906\/"},"modified":"2025-11-20T13:35:08","modified_gmt":"2025-11-20T13:35:08","slug":"riik-valmistub-avama-ettevalmistava-oppe-ruhma-riskiruhma-noortele","status":"publish","type":"post","link":"https:\/\/www.europesays.com\/ee\/46906\/","title":{"rendered":"Riik valmistub avama ettevalmistava \u00f5ppe r\u00fchma riskir\u00fchma noortele"},"content":{"rendered":"<p>Haridus- ja teadusministeerium valmistab ette uut m\u00e4\u00e4rust, millega luuakse \u00fcle Eesti \u2013 sh J\u00e4rvamaal \u2013 ettevalmistava \u00f5ppe v\u00f5imalus noortele, kes ei j\u00e4tka p\u00e4rast p\u00f5hikooli \u00f5pinguid g\u00fcmnaasiumis ega kutse\u00f5ppes. J\u00e4rvamaale prognoositakse 2026\/2027. \u00f5ppeaastaks 12 kohta, mis v\u00f5imaldaks avada v\u00e4hemalt \u00fche v\u00e4iker\u00fchma v\u00f5i t\u00e4isr\u00fchma.<\/p>\n<p>Uue \u00f5ppevormi eesm\u00e4rk on tagada, et \u00f5ppimiskohustuse vanuses noor ei j\u00e4\u00e4ks hariduss\u00fcsteemist v\u00e4lja. Eestis on igal aastal 4\u20135% p\u00f5hikooli l\u00f5petajaist, kes ei p\u00e4\u00e4se g\u00fcmnaasiumi v\u00f5i kutse\u00f5ppesse v\u00f5i ei ole valmis kohe edasi \u00f5ppima. J\u00e4rvamaal puudutab see hinnanguliselt igal aastal k\u00fcmmekonda noort.<\/p>\n","protected":false},"excerpt":{"rendered":"Haridus- ja teadusministeerium valmistab ette uut m\u00e4\u00e4rust, millega luuakse \u00fcle Eesti \u2013 sh J\u00e4rvamaal \u2013 ettevalmistava \u00f5ppe v\u00f5imalus&hellip;\n","protected":false},"author":2,"featured_media":46907,"comment_status":"","ping_status":"","sticky":false,"template":"","format":"standard","meta":{"footnotes":"","_share_on_mastodon":"0"},"categories":[5],"tags":[26,27,37,33,35,34,36,23442,31,32,2819,3932,21,2723,23441,28,29,15965,19,23443,25,23,24,22,20,30],"class_list":["post-46906","post","type-post","status-publish","format-standard","has-post-thumbnail","category-uldised-uudised","tag-breaking-news","tag-breakingnews","tag-ee","tag-eesti","tag-eesti-keel","tag-estonia","tag-estonian","tag-eteevalmistav-ope","tag-featured-news","tag-featurednews","tag-gumnaasium","tag-haridus-ja-teadusministeerium","tag-headlines","tag-jarvamaa","tag-kutsekool","tag-latest-news","tag-latestnews","tag-neet-noored","tag-news","tag-pohikooli","tag-populaarseimad-lood","tag-top-stories","tag-topstories","tag-uldised-uudised","tag-uudised","tag-viimased-uudised"],"share_on_mastodon":{"url":"https:\/\/pubeurope.com\/@ee\/115582292637046033","error":""},"_links":{"self":[{"href":"https:\/\/www.europesays.com\/ee\/wp-json\/wp\/v2\/posts\/46906","targetHints":{"allow":["GET"]}}],"collection":[{"href":"https:\/\/www.europesays.com\/ee\/wp-json\/wp\/v2\/posts"}],"about":[{"href":"https:\/\/www.europesays.com\/ee\/wp-json\/wp\/v2\/types\/post"}],"author":[{"embeddable":true,"href":"https:\/\/www.europesays.com\/ee\/wp-json\/wp\/v2\/users\/2"}],"replies":[{"embeddable":true,"href":"https:\/\/www.europesays.com\/ee\/wp-json\/wp\/v2\/comments?post=46906"}],"version-history":[{"count":0,"href":"https:\/\/www.europesays.com\/ee\/wp-json\/wp\/v2\/posts\/46906\/revisions"}],"wp:featuredmedia":[{"embeddable":true,"href":"https:\/\/www.europesays.com\/ee\/wp-json\/wp\/v2\/media\/46907"}],"wp:attachment":[{"href":"https:\/\/www.europesays.com\/ee\/wp-json\/wp\/v2\/media?parent=46906"}],"wp:term":[{"taxonomy":"category","embeddable":true,"href":"https:\/\/www.europesays.com\/ee\/wp-json\/wp\/v2\/categories?post=46906"},{"taxonomy":"post_tag","embeddable":true,"href":"https:\/\/www.europesays.com\/ee\/wp-json\/wp\/v2\/tags?post=46906"}],"curies":[{"name":"wp","href":"https:\/\/api.w.org\/{rel}","templated":true}]}}