{"id":47877,"date":"2025-11-21T19:55:08","date_gmt":"2025-11-21T19:55:08","guid":{"rendered":"https:\/\/www.europesays.com\/ee\/47877\/"},"modified":"2025-11-21T19:55:08","modified_gmt":"2025-11-21T19:55:08","slug":"kaitseliidu-droonikursuse-on-kuuga-labinud-ule-saja-huvilise-eesti","status":"publish","type":"post","link":"https:\/\/www.europesays.com\/ee\/47877\/","title":{"rendered":"Kaitseliidu droonikursuse on kuuga l\u00e4binud \u00fcle saja huvilise | Eesti"},"content":{"rendered":"<p>Kaitseliidu instruktorite ja Taavi Kotka koost\u00f6\u00f6s alanud droonikursuse on kuu ajaga l\u00e4binud \u00fcle saja huvilise. Paar tuhat huvilist on j\u00e4rjekorras. Oktoobris s\u00f5lmis kaitseliit koost\u00f6\u00f6kokkuleppe Unicorn MT\u00dc-ga laialdase drooni alg\u00f5ppe l\u00e4biviimiseks.<\/p>\n<p>Droonide lennutamine k\u00f6idab noori, sest see on nende jaoks kiiresti omandatav ja igasugused harjutused tekitavad sportlikku huvi. Droonimise militaarne aspekt pole oluline.<\/p>\n<p>&#8220;Mulle on alati droonid meeldinud. Tundus hea v\u00f5imalus, kuidas \u00f5ppida rohkem nende kohta,&#8221; s\u00f5nas Klaus, lisades, et teda huvitab ka v\u00f5imalus drooniga fotograafiat viljeleda.<\/p>\n<p>Karta on, et huvi s\u00fcveneb ja tahtmine on omandada FPV drooni juhtimise oskust, milleks instruktori s\u00f5nul kulub paar aastat.<\/p>\n<p>K\u00f5igepealt oleks tarvis aga oma aparaati. Noor Jens loodab j\u00f5uluvanalt kingituseks drooni saada, kuna seni on kasutanud s\u00f5bra oma.<\/p>\n<p>Kuu aja jooksul p\u00e4rast kaitseliiduga koost\u00f6\u00f6 algust on Kurja Kotka kursuse l\u00e4binud \u00fcle 120 huvilise, j\u00e4rjekorras on peaaegu 3000 inimest.<\/p>\n<p>&#8220;Ma n\u00e4en, et drooninduses on vaja vajutada korralikult gaasi. On vaja laiemat teadlikkust. Alustades sellest, et drooni osta saab iga\u00fcks, aga kas ta oskab ka sellega turvaliselt lennata? Teab lennulage, teab lennukaugust, vanuseid ja muid piiranguid sellega,&#8221; s\u00f5nas kaitseliidu drooniinstruktor Andres Lilleste.<\/p>\n<p>Kui drooni algkursus on l\u00e4bitud, v\u00f5ib harjutada droonide kasutamist taktikalistel eesm\u00e4rkidel.<\/p>\n","protected":false},"excerpt":{"rendered":"Kaitseliidu instruktorite ja Taavi Kotka koost\u00f6\u00f6s alanud droonikursuse on kuu ajaga l\u00e4binud \u00fcle saja huvilise. Paar tuhat huvilist&hellip;\n","protected":false},"author":2,"featured_media":47878,"comment_status":"","ping_status":"","sticky":false,"template":"","format":"standard","meta":{"footnotes":""},"categories":[12],"tags":[24022,26,27,18090,24023,37,33,35,34,36,31,32,21,8168,28,29,19,25,11442,23,24,22,20,30],"class_list":{"0":"post-47877","1":"post","2":"type-post","3":"status-publish","4":"format-standard","5":"has-post-thumbnail","7":"category-eesti","8":"tag-andres-lilleste","9":"tag-breaking-news","10":"tag-breakingnews","11":"tag-drooni-lennutamine","12":"tag-droonikursus","13":"tag-ee","14":"tag-eesti","15":"tag-eesti-keel","16":"tag-estonia","17":"tag-estonian","18":"tag-featured-news","19":"tag-featurednews","20":"tag-headlines","21":"tag-kaitseliit","22":"tag-latest-news","23":"tag-latestnews","24":"tag-news","25":"tag-populaarseimad-lood","26":"tag-taavi-kotka","27":"tag-top-stories","28":"tag-topstories","29":"tag-uldised-uudised","30":"tag-uudised","31":"tag-viimased-uudised"},"share_on_mastodon":{"url":"https:\/\/pubeurope.com\/@ee\/115589449202220356","error":""},"_links":{"self":[{"href":"https:\/\/www.europesays.com\/ee\/wp-json\/wp\/v2\/posts\/47877","targetHints":{"allow":["GET"]}}],"collection":[{"href":"https:\/\/www.europesays.com\/ee\/wp-json\/wp\/v2\/posts"}],"about":[{"href":"https:\/\/www.europesays.com\/ee\/wp-json\/wp\/v2\/types\/post"}],"author":[{"embeddable":true,"href":"https:\/\/www.europesays.com\/ee\/wp-json\/wp\/v2\/users\/2"}],"replies":[{"embeddable":true,"href":"https:\/\/www.europesays.com\/ee\/wp-json\/wp\/v2\/comments?post=47877"}],"version-history":[{"count":0,"href":"https:\/\/www.europesays.com\/ee\/wp-json\/wp\/v2\/posts\/47877\/revisions"}],"wp:featuredmedia":[{"embeddable":true,"href":"https:\/\/www.europesays.com\/ee\/wp-json\/wp\/v2\/media\/47878"}],"wp:attachment":[{"href":"https:\/\/www.europesays.com\/ee\/wp-json\/wp\/v2\/media?parent=47877"}],"wp:term":[{"taxonomy":"category","embeddable":true,"href":"https:\/\/www.europesays.com\/ee\/wp-json\/wp\/v2\/categories?post=47877"},{"taxonomy":"post_tag","embeddable":true,"href":"https:\/\/www.europesays.com\/ee\/wp-json\/wp\/v2\/tags?post=47877"}],"curies":[{"name":"wp","href":"https:\/\/api.w.org\/{rel}","templated":true}]}}