{"id":47923,"date":"2025-11-21T22:28:30","date_gmt":"2025-11-21T22:28:30","guid":{"rendered":"https:\/\/www.europesays.com\/ee\/47923\/"},"modified":"2025-11-21T22:28:30","modified_gmt":"2025-11-21T22:28:30","slug":"lopp-rasvapritsmetele-peekonit-praadides-tee-uks-muudatus-mis-tagab-puhta-koogi-ja-krobeda-ampsu","status":"publish","type":"post","link":"https:\/\/www.europesays.com\/ee\/47923\/","title":{"rendered":"L\u00f5pp rasvapritsmetele! Peekonit praadides tee \u00fcks muudatus, mis tagab puhta k\u00f6\u00f6gi ja kr\u00f5beda ampsu"},"content":{"rendered":"<p>Kr\u00f5be peekon on hommikus\u00f6\u00f6gi klassika \u2013 see sobib suurep\u00e4raselt praemunade k\u00f5rvale, v\u00f5ileiva vahele v\u00f5i isegi salatisse. Selle valmistamine pole keeruline, kuid \u00fcks asi v\u00f5ib tuju rikkuda: kuuma \u00f5li pritsmed, mis igale poole laiali lendavad.<\/p>\n<p>TikTokis levib aga \u00fcllatav nipp, mis muudab peekoni k\u00fcpsetamise tunduvalt puhtamaks ja lihtsamaks. Ja mis peamine \u2013 tulemus j\u00e4\u00e4b t\u00e4iuslikult kr\u00f5be.<\/p>\n<p>Unusta pann \u2013 v\u00f5ta appi pott<\/p>\n","protected":false},"excerpt":{"rendered":"Kr\u00f5be peekon on hommikus\u00f6\u00f6gi klassika \u2013 see sobib suurep\u00e4raselt praemunade k\u00f5rvale, v\u00f5ileiva vahele v\u00f5i isegi salatisse. Selle valmistamine&hellip;\n","protected":false},"author":2,"featured_media":47924,"comment_status":"","ping_status":"","sticky":false,"template":"","format":"standard","meta":{"footnotes":"","_share_on_mastodon":"0"},"categories":[80],"tags":[26,27,37,33,35,34,36,31,32,21,2670,11595,28,29,95,19,18799,25,24038,24039,23,24,22,20,30,92,93,94],"class_list":["post-47923","post","type-post","status-publish","format-standard","has-post-thumbnail","category-maailm","tag-breaking-news","tag-breakingnews","tag-ee","tag-eesti","tag-eesti-keel","tag-estonia","tag-estonian","tag-featured-news","tag-featurednews","tag-headlines","tag-kodu","tag-kook","tag-latest-news","tag-latestnews","tag-maailm","tag-news","tag-peekon","tag-populaarseimad-lood","tag-rasv","tag-rasvapritsmed","tag-top-stories","tag-topstories","tag-uldised-uudised","tag-uudised","tag-viimased-uudised","tag-world","tag-world-news","tag-worldnews"],"share_on_mastodon":{"url":"https:\/\/pubeurope.com\/@ee\/115590050879100513","error":""},"_links":{"self":[{"href":"https:\/\/www.europesays.com\/ee\/wp-json\/wp\/v2\/posts\/47923","targetHints":{"allow":["GET"]}}],"collection":[{"href":"https:\/\/www.europesays.com\/ee\/wp-json\/wp\/v2\/posts"}],"about":[{"href":"https:\/\/www.europesays.com\/ee\/wp-json\/wp\/v2\/types\/post"}],"author":[{"embeddable":true,"href":"https:\/\/www.europesays.com\/ee\/wp-json\/wp\/v2\/users\/2"}],"replies":[{"embeddable":true,"href":"https:\/\/www.europesays.com\/ee\/wp-json\/wp\/v2\/comments?post=47923"}],"version-history":[{"count":0,"href":"https:\/\/www.europesays.com\/ee\/wp-json\/wp\/v2\/posts\/47923\/revisions"}],"wp:featuredmedia":[{"embeddable":true,"href":"https:\/\/www.europesays.com\/ee\/wp-json\/wp\/v2\/media\/47924"}],"wp:attachment":[{"href":"https:\/\/www.europesays.com\/ee\/wp-json\/wp\/v2\/media?parent=47923"}],"wp:term":[{"taxonomy":"category","embeddable":true,"href":"https:\/\/www.europesays.com\/ee\/wp-json\/wp\/v2\/categories?post=47923"},{"taxonomy":"post_tag","embeddable":true,"href":"https:\/\/www.europesays.com\/ee\/wp-json\/wp\/v2\/tags?post=47923"}],"curies":[{"name":"wp","href":"https:\/\/api.w.org\/{rel}","templated":true}]}}