{"id":48025,"date":"2025-11-22T06:33:16","date_gmt":"2025-11-22T06:33:16","guid":{"rendered":"https:\/\/www.europesays.com\/ee\/48025\/"},"modified":"2025-11-22T06:33:16","modified_gmt":"2025-11-22T06:33:16","slug":"tanavune-kogukonna-tegu-on-elamusjooks-sunrun","status":"publish","type":"post","link":"https:\/\/www.europesays.com\/ee\/48025\/","title":{"rendered":"T\u00e4navune kogukonna tegu on elamusjooks SunRun"},"content":{"rendered":"<p>Autasud jagati v\u00e4lja viies kateoorias, lisaks t\u00e4nati Kauni Kodu konkursil osalenuid. Lustakaid vahepalasid pakkusid Lahedad Mutid Lahedalt.<\/p>\n<p>Aasta kogukonna tegu on m\u00f5ni valminud objekt v\u00f5i s\u00fcndmus, algatus, mis r\u00f5\u00f5mustas, \u00e4ratas suurt t\u00e4helepanu, aitas midagi paremaks muuta v\u00f5i j\u00e4i h\u00e4sti meelde. T\u00e4navu hinnati tunnustuse v\u00e4\u00e4riliseks elamusjooks SunRun.<\/p>\n","protected":false},"excerpt":{"rendered":"Autasud jagati v\u00e4lja viies kateoorias, lisaks t\u00e4nati Kauni Kodu konkursil osalenuid. Lustakaid vahepalasid pakkusid Lahedad Mutid Lahedalt. Aasta&hellip;\n","protected":false},"author":2,"featured_media":48026,"comment_status":"","ping_status":"","sticky":false,"template":"","format":"standard","meta":{"footnotes":"","_share_on_mastodon":"0"},"categories":[12],"tags":[24082,26,27,37,33,35,24079,34,36,31,32,21,24076,24080,24078,24077,28,29,19,25,24081,23,24,24083,8411,22,20,30],"class_list":["post-48025","post","type-post","status-publish","format-standard","has-post-thumbnail","category-eesti","tag-astrid-vaba","tag-breaking-news","tag-breakingnews","tag-ee","tag-eesti","tag-eesti-keel","tag-elamusjooks-sunrun","tag-estonia","tag-estonian","tag-featured-news","tag-featurednews","tag-headlines","tag-karla-rahvamaja","tag-kauni-kodu-konkurss","tag-kingli-grupp-ou","tag-kogukonna-panustajad","tag-latest-news","tag-latestnews","tag-news","tag-populaarseimad-lood","tag-rain-jano","tag-top-stories","tag-topstories","tag-torgu-vabatahtlik-paastekomando","tag-tunnustus","tag-uldised-uudised","tag-uudised","tag-viimased-uudised"],"share_on_mastodon":{"url":"https:\/\/pubeurope.com\/@ee\/115591957984140670","error":""},"_links":{"self":[{"href":"https:\/\/www.europesays.com\/ee\/wp-json\/wp\/v2\/posts\/48025","targetHints":{"allow":["GET"]}}],"collection":[{"href":"https:\/\/www.europesays.com\/ee\/wp-json\/wp\/v2\/posts"}],"about":[{"href":"https:\/\/www.europesays.com\/ee\/wp-json\/wp\/v2\/types\/post"}],"author":[{"embeddable":true,"href":"https:\/\/www.europesays.com\/ee\/wp-json\/wp\/v2\/users\/2"}],"replies":[{"embeddable":true,"href":"https:\/\/www.europesays.com\/ee\/wp-json\/wp\/v2\/comments?post=48025"}],"version-history":[{"count":0,"href":"https:\/\/www.europesays.com\/ee\/wp-json\/wp\/v2\/posts\/48025\/revisions"}],"wp:featuredmedia":[{"embeddable":true,"href":"https:\/\/www.europesays.com\/ee\/wp-json\/wp\/v2\/media\/48026"}],"wp:attachment":[{"href":"https:\/\/www.europesays.com\/ee\/wp-json\/wp\/v2\/media?parent=48025"}],"wp:term":[{"taxonomy":"category","embeddable":true,"href":"https:\/\/www.europesays.com\/ee\/wp-json\/wp\/v2\/categories?post=48025"},{"taxonomy":"post_tag","embeddable":true,"href":"https:\/\/www.europesays.com\/ee\/wp-json\/wp\/v2\/tags?post=48025"}],"curies":[{"name":"wp","href":"https:\/\/api.w.org\/{rel}","templated":true}]}}