{"id":48213,"date":"2025-11-22T11:53:08","date_gmt":"2025-11-22T11:53:08","guid":{"rendered":"https:\/\/www.europesays.com\/ee\/48213\/"},"modified":"2025-11-22T11:53:08","modified_gmt":"2025-11-22T11:53:08","slug":"kuidas-andri-jermakist-saab-zelenskoi-kirstunael","status":"publish","type":"post","link":"https:\/\/www.europesays.com\/ee\/48213\/","title":{"rendered":"Kuidas Andri Jermakist saab Zelensk\u00f5i kirstunael"},"content":{"rendered":"<p>Andri Jermak on Zelensk\u00f5i l\u00e4hedane tugi ja nende liitlassuhe algas kohe Ukraina presidendi poliitilise karj\u00e4\u00e4ri alguses. Jermakil on olnud Ukraina v\u00e4lispoliitikas ja otsuste tegemisel v\u00e4ga t\u00e4htis roll.<\/p>\n<p>Praeguses skandaalis kutsutakse Jermakit \u00fcles tagasi astuma, sest just tema v\u00f5ib kahjustada k\u00f5ige enam Zelensk\u00f5i tegevust presidendina ja edasist poliitilist karj\u00e4\u00e4ri, kirjutas Raadio Vaba Euroopa.<\/p>\n","protected":false},"excerpt":{"rendered":"Andri Jermak on Zelensk\u00f5i l\u00e4hedane tugi ja nende liitlassuhe algas kohe Ukraina presidendi poliitilise karj\u00e4\u00e4ri alguses. Jermakil on&hellip;\n","protected":false},"author":2,"featured_media":48181,"comment_status":"","ping_status":"","sticky":false,"template":"","format":"standard","meta":{"footnotes":"","_share_on_mastodon":"0"},"categories":[80],"tags":[8800,26,27,37,33,35,34,36,31,32,21,4097,24212,20085,28,29,95,108,20082,19,24209,24206,25,15746,24211,20483,23,24,262,22,20,24208,24210,24207,30,24213,263,92,93,94],"class_list":["post-48213","post","type-post","status-publish","format-standard","has-post-thumbnail","category-maailm","tag-andri-jermak","tag-breaking-news","tag-breakingnews","tag-ee","tag-eesti","tag-eesti-keel","tag-estonia","tag-estonian","tag-featured-news","tag-featurednews","tag-headlines","tag-korruptsioon","tag-korruptsioonivastane-voitlus","tag-kvartal-95","tag-latest-news","tag-latestnews","tag-maailm","tag-moskva","tag-nabu","tag-news","tag-personaliulem","tag-poliitiline-liit","tag-populaarseimad-lood","tag-skandaal","tag-soda-donbassis","tag-timur-mindits","tag-top-stories","tag-topstories","tag-ukraina","tag-uldised-uudised","tag-uudised","tag-vaba-euroopa","tag-valispoliitiline-nounik","tag-venemaa-vangid","tag-viimased-uudised","tag-voimu-kuritarvitamine","tag-volodomor-zelenskoi","tag-world","tag-world-news","tag-worldnews"],"share_on_mastodon":{"url":"","error":"Validation failed: Text character limit of 500 exceeded"},"_links":{"self":[{"href":"https:\/\/www.europesays.com\/ee\/wp-json\/wp\/v2\/posts\/48213","targetHints":{"allow":["GET"]}}],"collection":[{"href":"https:\/\/www.europesays.com\/ee\/wp-json\/wp\/v2\/posts"}],"about":[{"href":"https:\/\/www.europesays.com\/ee\/wp-json\/wp\/v2\/types\/post"}],"author":[{"embeddable":true,"href":"https:\/\/www.europesays.com\/ee\/wp-json\/wp\/v2\/users\/2"}],"replies":[{"embeddable":true,"href":"https:\/\/www.europesays.com\/ee\/wp-json\/wp\/v2\/comments?post=48213"}],"version-history":[{"count":0,"href":"https:\/\/www.europesays.com\/ee\/wp-json\/wp\/v2\/posts\/48213\/revisions"}],"wp:featuredmedia":[{"embeddable":true,"href":"https:\/\/www.europesays.com\/ee\/wp-json\/wp\/v2\/media\/48181"}],"wp:attachment":[{"href":"https:\/\/www.europesays.com\/ee\/wp-json\/wp\/v2\/media?parent=48213"}],"wp:term":[{"taxonomy":"category","embeddable":true,"href":"https:\/\/www.europesays.com\/ee\/wp-json\/wp\/v2\/categories?post=48213"},{"taxonomy":"post_tag","embeddable":true,"href":"https:\/\/www.europesays.com\/ee\/wp-json\/wp\/v2\/tags?post=48213"}],"curies":[{"name":"wp","href":"https:\/\/api.w.org\/{rel}","templated":true}]}}