{"id":48472,"date":"2025-11-22T19:54:12","date_gmt":"2025-11-22T19:54:12","guid":{"rendered":"https:\/\/www.europesays.com\/ee\/48472\/"},"modified":"2025-11-22T19:54:12","modified_gmt":"2025-11-22T19:54:12","slug":"puhapaeval-tuleb-kuni-seitse-kraadi-sooja","status":"publish","type":"post","link":"https:\/\/www.europesays.com\/ee\/48472\/","title":{"rendered":"P\u00fchap\u00e4eval tuleb kuni seitse kraadi sooja"},"content":{"rendered":"<p>Keskkonnaagentuuri teatel hakkab \u00f6\u00f6l vastu p\u00fchap\u00e4eva pilvisus l\u00e4\u00e4ne poolt alates tihenema. L\u00e4\u00e4ne- ja P\u00f5hja-Eestis sajab mitmel pool vihma ja l\u00f6rtsi, Kirde-Eestis ka lund. Puhub edela- ja l\u00f5unatuul 4\u20138, puhanguti 12, rannikul 7\u201313, puhanguti 18 m\/s. \u00d5hutemperatuur on L\u00e4\u00e4ne-Eestis +1 kuni +7, Ida-Eestis 0 kuni \u20134 kraadi. Hommikuks l\u00e4heb m\u00f5nev\u00f5rra soojemaks.<\/p>\n<p>Peipsi j\u00e4rvel puhub edela- ja l\u00f5unatuul 4\u20138, puhanguti kuni 12 m\/s. Lainek\u00f5rgus on 0,8\u20131,3 meetrit. Ilm on olulise sajuta ja hea n\u00e4htavusega. \u00d5hutemperatuur j\u00e4\u00e4b \u20131 ja +1 kraadi vahele.<\/p>\n","protected":false},"excerpt":{"rendered":"Keskkonnaagentuuri teatel hakkab \u00f6\u00f6l vastu p\u00fchap\u00e4eva pilvisus l\u00e4\u00e4ne poolt alates tihenema. L\u00e4\u00e4ne- ja P\u00f5hja-Eestis sajab mitmel pool vihma&hellip;\n","protected":false},"author":2,"featured_media":48473,"comment_status":"","ping_status":"","sticky":false,"template":"","format":"standard","meta":{"footnotes":"","_share_on_mastodon":"0"},"categories":[12],"tags":[26,27,37,33,35,34,36,31,32,21,668,28,29,19,9354,25,23,24,22,20,30],"class_list":["post-48472","post","type-post","status-publish","format-standard","has-post-thumbnail","category-eesti","tag-breaking-news","tag-breakingnews","tag-ee","tag-eesti","tag-eesti-keel","tag-estonia","tag-estonian","tag-featured-news","tag-featurednews","tag-headlines","tag-ilm","tag-latest-news","tag-latestnews","tag-news","tag-november","tag-populaarseimad-lood","tag-top-stories","tag-topstories","tag-uldised-uudised","tag-uudised","tag-viimased-uudised"],"share_on_mastodon":{"url":"https:\/\/pubeurope.com\/@ee\/115595107628587718","error":""},"_links":{"self":[{"href":"https:\/\/www.europesays.com\/ee\/wp-json\/wp\/v2\/posts\/48472","targetHints":{"allow":["GET"]}}],"collection":[{"href":"https:\/\/www.europesays.com\/ee\/wp-json\/wp\/v2\/posts"}],"about":[{"href":"https:\/\/www.europesays.com\/ee\/wp-json\/wp\/v2\/types\/post"}],"author":[{"embeddable":true,"href":"https:\/\/www.europesays.com\/ee\/wp-json\/wp\/v2\/users\/2"}],"replies":[{"embeddable":true,"href":"https:\/\/www.europesays.com\/ee\/wp-json\/wp\/v2\/comments?post=48472"}],"version-history":[{"count":0,"href":"https:\/\/www.europesays.com\/ee\/wp-json\/wp\/v2\/posts\/48472\/revisions"}],"wp:featuredmedia":[{"embeddable":true,"href":"https:\/\/www.europesays.com\/ee\/wp-json\/wp\/v2\/media\/48473"}],"wp:attachment":[{"href":"https:\/\/www.europesays.com\/ee\/wp-json\/wp\/v2\/media?parent=48472"}],"wp:term":[{"taxonomy":"category","embeddable":true,"href":"https:\/\/www.europesays.com\/ee\/wp-json\/wp\/v2\/categories?post=48472"},{"taxonomy":"post_tag","embeddable":true,"href":"https:\/\/www.europesays.com\/ee\/wp-json\/wp\/v2\/tags?post=48472"}],"curies":[{"name":"wp","href":"https:\/\/api.w.org\/{rel}","templated":true}]}}