{"id":48800,"date":"2025-11-23T11:38:11","date_gmt":"2025-11-23T11:38:11","guid":{"rendered":"https:\/\/www.europesays.com\/ee\/48800\/"},"modified":"2025-11-23T11:38:11","modified_gmt":"2025-11-23T11:38:11","slug":"ivo-jaanisoo-%e2%9f%a9-prugi-sorteerimine-muutub-peagi-palju-lihtsamaks","status":"publish","type":"post","link":"https:\/\/www.europesays.com\/ee\/48800\/","title":{"rendered":"IVO JAANISOO \u27e9 Pr\u00fcgi sorteerimine muutub peagi palju lihtsamaks"},"content":{"rendered":"<p>Kujutage ette juustut\u00f6\u00f6sturit, kes rajab tehase paika, kus piima ei ole. J\u00e4\u00e4tmete ringlussev\u00f5tt toimib t\u00e4pselt samal p\u00f5him\u00f5ttel: tark investeering tehakse sinna, kus leidub kvaliteetset toormaterjali. \u00dcllatavad on hiljutised v\u00e4lja\u00fctlemised, justkui peaks j\u00e4\u00e4tmevaldkonnas t\u00f6\u00f6tama asi t\u00e4pselt vastupidi, kirjutab kliimaministeeriumi elukeskkonna ja ringmajanduse asekantsler Ivo Jaanisoo.<\/p>\n","protected":false},"excerpt":{"rendered":"Kujutage ette juustut\u00f6\u00f6sturit, kes rajab tehase paika, kus piima ei ole. J\u00e4\u00e4tmete ringlussev\u00f5tt toimib t\u00e4pselt samal p\u00f5him\u00f5ttel: tark&hellip;\n","protected":false},"author":2,"featured_media":48801,"comment_status":"","ping_status":"","sticky":false,"template":"","format":"standard","meta":{"footnotes":"","_share_on_mastodon":"0"},"categories":[12],"tags":[13042,26,27,37,33,35,22956,34,36,31,32,21,24646,24649,28,29,19,20720,25,4156,24647,24643,24648,24644,24645,23,24,22,20,30],"class_list":["post-48800","post","type-post","status-publish","format-standard","has-post-thumbnail","category-eesti","tag-biojaatmed","tag-breaking-news","tag-breakingnews","tag-ee","tag-eesti","tag-eesti-keel","tag-eestis","tag-estonia","tag-estonian","tag-featured-news","tag-featurednews","tag-headlines","tag-jaade","tag-laiendatud-tootjavastutus","tag-latest-news","tag-latestnews","tag-news","tag-pakendid","tag-populaarseimad-lood","tag-prugi","tag-ringlus","tag-ringlussevott","tag-ringne-toostus","tag-sordineerimine","tag-tootjad","tag-top-stories","tag-topstories","tag-uldised-uudised","tag-uudised","tag-viimased-uudised"],"share_on_mastodon":{"url":"https:\/\/pubeurope.com\/@ee\/115598819488196114","error":""},"_links":{"self":[{"href":"https:\/\/www.europesays.com\/ee\/wp-json\/wp\/v2\/posts\/48800","targetHints":{"allow":["GET"]}}],"collection":[{"href":"https:\/\/www.europesays.com\/ee\/wp-json\/wp\/v2\/posts"}],"about":[{"href":"https:\/\/www.europesays.com\/ee\/wp-json\/wp\/v2\/types\/post"}],"author":[{"embeddable":true,"href":"https:\/\/www.europesays.com\/ee\/wp-json\/wp\/v2\/users\/2"}],"replies":[{"embeddable":true,"href":"https:\/\/www.europesays.com\/ee\/wp-json\/wp\/v2\/comments?post=48800"}],"version-history":[{"count":0,"href":"https:\/\/www.europesays.com\/ee\/wp-json\/wp\/v2\/posts\/48800\/revisions"}],"wp:featuredmedia":[{"embeddable":true,"href":"https:\/\/www.europesays.com\/ee\/wp-json\/wp\/v2\/media\/48801"}],"wp:attachment":[{"href":"https:\/\/www.europesays.com\/ee\/wp-json\/wp\/v2\/media?parent=48800"}],"wp:term":[{"taxonomy":"category","embeddable":true,"href":"https:\/\/www.europesays.com\/ee\/wp-json\/wp\/v2\/categories?post=48800"},{"taxonomy":"post_tag","embeddable":true,"href":"https:\/\/www.europesays.com\/ee\/wp-json\/wp\/v2\/tags?post=48800"}],"curies":[{"name":"wp","href":"https:\/\/api.w.org\/{rel}","templated":true}]}}