{"id":49971,"date":"2025-11-25T04:10:10","date_gmt":"2025-11-25T04:10:10","guid":{"rendered":"https:\/\/www.europesays.com\/ee\/49971\/"},"modified":"2025-11-25T04:10:10","modified_gmt":"2025-11-25T04:10:10","slug":"euroopa-kaitseaktsiad-polevad-kuid-ka-rahu-pole-kuskil","status":"publish","type":"post","link":"https:\/\/www.europesays.com\/ee\/49971\/","title":{"rendered":"Euroopa kaitseaktsiad p\u00f5levad \u2013 kuid ka rahu pole kuskil"},"content":{"rendered":"<p>See, mis b\u00f6rsidelt viimastel p\u00e4evadel vastu vaatab, on t\u00f5eline verepulm. Saksamaa kaitset\u00f6\u00f6stushiiu Rheinmetalli aktsia on kukkunud t\u00e4navustelt enam kui 2000 euro suurustelt tippudelt pisut v\u00e4hema kui 1500 euro tasemele.<\/p>\n<p>Kuid Rheinmetall pole ainus. Soomukitele \u00fclekandes\u00fcsteeme tootev RENK Group AG on kaotanud viimaste n\u00e4dalatega ligi poole oma turuv\u00e4\u00e4rtusest. Saksa kaitset\u00f6\u00f6stusettev\u00f5tte Hensoldt AG \u2013 mille TRML\u20114D radarid moodustavad kandva osa kuulsast \u00f5hut\u00f5rjes\u00fcsteemist IRIS-T SLM \u2013 aktsia on teinud viimastel n\u00e4dalatel l\u00e4bi 40-protsendilise kukkumise.<\/p>\n<p>Seda loetelu v\u00f5iks j\u00e4tkata. Turgudel on alanud Euroopa kaitseettev\u00f5tete odavm\u00fc\u00fck.<\/p>\n","protected":false},"excerpt":{"rendered":"See, mis b\u00f6rsidelt viimastel p\u00e4evadel vastu vaatab, on t\u00f5eline verepulm. Saksamaa kaitset\u00f6\u00f6stushiiu Rheinmetalli aktsia on kukkunud t\u00e4navustelt enam&hellip;\n","protected":false},"author":2,"featured_media":49972,"comment_status":"","ping_status":"","sticky":false,"template":"","format":"standard","meta":{"footnotes":""},"categories":[80],"tags":[26,27,37,33,35,34,36,31,32,21,2164,28,29,95,19,25,23,24,22,20,30,92,93,94],"class_list":{"0":"post-49971","1":"post","2":"type-post","3":"status-publish","4":"format-standard","5":"has-post-thumbnail","7":"category-maailm","8":"tag-breaking-news","9":"tag-breakingnews","10":"tag-ee","11":"tag-eesti","12":"tag-eesti-keel","13":"tag-estonia","14":"tag-estonian","15":"tag-featured-news","16":"tag-featurednews","17":"tag-headlines","18":"tag-kaitsetoostus","19":"tag-latest-news","20":"tag-latestnews","21":"tag-maailm","22":"tag-news","23":"tag-populaarseimad-lood","24":"tag-top-stories","25":"tag-topstories","26":"tag-uldised-uudised","27":"tag-uudised","28":"tag-viimased-uudised","29":"tag-world","30":"tag-world-news","31":"tag-worldnews"},"share_on_mastodon":{"url":"https:\/\/pubeurope.com\/@ee\/115608382542967998","error":""},"_links":{"self":[{"href":"https:\/\/www.europesays.com\/ee\/wp-json\/wp\/v2\/posts\/49971","targetHints":{"allow":["GET"]}}],"collection":[{"href":"https:\/\/www.europesays.com\/ee\/wp-json\/wp\/v2\/posts"}],"about":[{"href":"https:\/\/www.europesays.com\/ee\/wp-json\/wp\/v2\/types\/post"}],"author":[{"embeddable":true,"href":"https:\/\/www.europesays.com\/ee\/wp-json\/wp\/v2\/users\/2"}],"replies":[{"embeddable":true,"href":"https:\/\/www.europesays.com\/ee\/wp-json\/wp\/v2\/comments?post=49971"}],"version-history":[{"count":0,"href":"https:\/\/www.europesays.com\/ee\/wp-json\/wp\/v2\/posts\/49971\/revisions"}],"wp:featuredmedia":[{"embeddable":true,"href":"https:\/\/www.europesays.com\/ee\/wp-json\/wp\/v2\/media\/49972"}],"wp:attachment":[{"href":"https:\/\/www.europesays.com\/ee\/wp-json\/wp\/v2\/media?parent=49971"}],"wp:term":[{"taxonomy":"category","embeddable":true,"href":"https:\/\/www.europesays.com\/ee\/wp-json\/wp\/v2\/categories?post=49971"},{"taxonomy":"post_tag","embeddable":true,"href":"https:\/\/www.europesays.com\/ee\/wp-json\/wp\/v2\/tags?post=49971"}],"curies":[{"name":"wp","href":"https:\/\/api.w.org\/{rel}","templated":true}]}}