{"id":50121,"date":"2025-11-25T08:56:08","date_gmt":"2025-11-25T08:56:08","guid":{"rendered":"https:\/\/www.europesays.com\/ee\/50121\/"},"modified":"2025-11-25T08:56:08","modified_gmt":"2025-11-25T08:56:08","slug":"algas-ekspress-grupi-vabatahtlik-ulevotupakkumine-borsilt-lahkumiseks","status":"publish","type":"post","link":"https:\/\/www.europesays.com\/ee\/50121\/","title":{"rendered":"Algas Ekspress Grupi vabatahtlik \u00fclev\u00f5tupakkumine b\u00f6rsilt lahkumiseks"},"content":{"rendered":"<p>Praegu kuulub Hans H. Luige ettev\u00f5ttele HHL R\u00fchm O\u00dc 73,57% meediakontserni aktsiatest.  \u00dclev\u00f5tmise esmane eesm\u00e4rk on suurendada osalust Ekspress Grupis v\u00e4hemalt 90%-ni. Kui pakkumine on edukas ja 90% k\u00fcnnis saavutatakse, kavatseb HHL R\u00fchm taotleda \u00fclej\u00e4\u00e4nud aktsiate \u00fclev\u00f5tmist rahalise h\u00fcvitise eest (nn squeeze-out) ning alustada menetlust Ekspress Grupi aktsiate noteerimise l\u00f5petamiseks Nasdaq Tallinna <a rel=\"noopener nofollow\" target=\"_blank\" href=\"https:\/\/www.delfi.ee\/teema\/24781851\/bors\" tag-id=\"24781851\">b\u00f6rsi<\/a> p\u00f5hinimekirjas.<\/p>\n<p>HHL R\u00fchm teeb aktsion\u00e4ridele ettepaneku osta nende aktsiad hinnaga 1,25 eurot t\u00fcki eest.  Aktsia hind oli eile b\u00f6rsip\u00e4eva l\u00f5pus 1,23 eurot. <\/p>\n<p>Kokku soovib \u00fclev\u00f5tja omandada 8 183 900 aktsiat koguhinnaga 10,2 miljonit eurot. Pakkumine algas t\u00e4na kell 10 ning kestab kuni 22. detsembrini kella 16-ni. Tulemused avalikustatakse 23. detsembril ning aktsiate eest tasumine toimub 31. detsembril v\u00f5i sellele l\u00e4hedasel kuup\u00e4eval.<\/p>\n<p class=\"ng-star-inserted\">Aktsion\u00e4rid, kes soovivad oma osaluse m\u00fc\u00fca, saavad tehingukorralduse esitada oma panga v\u00f5i kontohalduri kaudu vastavalt prospektis toodud tingimustele.<\/p>\n<p>  <a href=\"http:\/\/arileht.delfi.ee\/artikkel\/120415695\/lhv-analuutik-ekspress-grupp-kauples-alla-oma-vaartuse-lahkumise-moju-borsile-jaab-vaikeseks#dalrel-in-article\" class=\"content-embedded-articles-double__embedded-article\" data-v-0856eaa5=\"\" rel=\"nofollow noopener\" target=\"_blank\"> <\/p>\n<p>\n          07.11.2025\n        <\/p>\n<p>\n            LHV anal\u00fc\u00fctik: Ekspress Grupp kauples alla oma v\u00e4\u00e4rtuse, lahkumise m\u00f5ju b\u00f6rsile j\u00e4\u00e4b v\u00e4ikeseks<\/p>\n<p>            (4)\n          <\/p>\n<p><\/a><a href=\"http:\/\/arileht.delfi.ee\/artikkel\/120415618\/ekspress-grupp-plaanib-borsilt-lahkuda#dalrel-in-article\" class=\"content-embedded-articles-double__embedded-article\" data-v-0856eaa5=\"\" rel=\"nofollow noopener\" target=\"_blank\"> <\/p>\n<p>\n          07.11.2025\n        <\/p>\n<p>\n            Ekspress Grupp plaanib b\u00f6rsilt lahkuda<\/p>\n<p>            (65)\n          <\/p>\n<p><\/a>      Kuidas see lugu Sind end tundma pani?<br \/>\n        Saada<br \/>\n           <a href=\"https:\/\/arileht.delfi.ee\/artikkel\/120419384\/algas-ekspress-grupi-vabatahtlik-ulevotupakkumine-borsilt-lahkumiseks\/kommentaarid\" class=\"article-body-bottom__comment article-body-bottom__comment--write button button--primary button--size-auto\" rel=\"nofollow noopener\" target=\"_blank\"><br \/>\n        Kommenteeri<br \/>\n       <\/a> <a href=\"https:\/\/arileht.delfi.ee\/artikkel\/120419384\/algas-ekspress-grupi-vabatahtlik-ulevotupakkumine-borsilt-lahkumiseks\/kommentaarid\" class=\"article-body-bottom__comment article-body-bottom__comment--read button button--size-auto\" rel=\"nofollow noopener\" target=\"_blank\"><br \/>\n        Loe kommentaare (10) <\/a>  <\/p>\n","protected":false},"excerpt":{"rendered":"Praegu kuulub Hans H. Luige ettev\u00f5ttele HHL R\u00fchm O\u00dc 73,57% meediakontserni aktsiatest. \u00dclev\u00f5tmise esmane eesm\u00e4rk on suurendada osalust&hellip;\n","protected":false},"author":2,"featured_media":50122,"comment_status":"","ping_status":"","sticky":false,"template":"","format":"standard","meta":{"footnotes":""},"categories":[14],"tags":[131,68,130,37,33,35,5674,34,36,780],"class_list":{"0":"post-50121","1":"post","2":"type-post","3":"status-publish","4":"format-standard","5":"has-post-thumbnail","7":"category-ari","8":"tag-ari","9":"tag-bors","10":"tag-business","11":"tag-ee","12":"tag-eesti","13":"tag-eesti-keel","14":"tag-ekspress-grupp","15":"tag-estonia","16":"tag-estonian","17":"tag-investeerimine"},"share_on_mastodon":{"url":"https:\/\/pubeurope.com\/@ee\/115609507292293349","error":""},"_links":{"self":[{"href":"https:\/\/www.europesays.com\/ee\/wp-json\/wp\/v2\/posts\/50121","targetHints":{"allow":["GET"]}}],"collection":[{"href":"https:\/\/www.europesays.com\/ee\/wp-json\/wp\/v2\/posts"}],"about":[{"href":"https:\/\/www.europesays.com\/ee\/wp-json\/wp\/v2\/types\/post"}],"author":[{"embeddable":true,"href":"https:\/\/www.europesays.com\/ee\/wp-json\/wp\/v2\/users\/2"}],"replies":[{"embeddable":true,"href":"https:\/\/www.europesays.com\/ee\/wp-json\/wp\/v2\/comments?post=50121"}],"version-history":[{"count":0,"href":"https:\/\/www.europesays.com\/ee\/wp-json\/wp\/v2\/posts\/50121\/revisions"}],"wp:featuredmedia":[{"embeddable":true,"href":"https:\/\/www.europesays.com\/ee\/wp-json\/wp\/v2\/media\/50122"}],"wp:attachment":[{"href":"https:\/\/www.europesays.com\/ee\/wp-json\/wp\/v2\/media?parent=50121"}],"wp:term":[{"taxonomy":"category","embeddable":true,"href":"https:\/\/www.europesays.com\/ee\/wp-json\/wp\/v2\/categories?post=50121"},{"taxonomy":"post_tag","embeddable":true,"href":"https:\/\/www.europesays.com\/ee\/wp-json\/wp\/v2\/tags?post=50121"}],"curies":[{"name":"wp","href":"https:\/\/api.w.org\/{rel}","templated":true}]}}