{"id":50154,"date":"2025-11-25T09:32:16","date_gmt":"2025-11-25T09:32:16","guid":{"rendered":"https:\/\/www.europesays.com\/ee\/50154\/"},"modified":"2025-11-25T09:32:16","modified_gmt":"2025-11-25T09:32:16","slug":"kas-ma-julgen-neid-enam-suua","status":"publish","type":"post","link":"https:\/\/www.europesays.com\/ee\/50154\/","title":{"rendered":"kas ma julgen neid enam s\u00fc\u00fca?"},"content":{"rendered":"<p>Sotsiaalmeedias kogub t\u00e4helepanu Viljandis tehtud avastus, kus Maxima poest ostetud mandariini seest leiti v\u00e4ike valkjas ussike.<\/p>\n<p>Juhtumi jagas Facebooki gruppi \u00abM\u00e4rgatud Viljandis\u00bb \u00fcks kohalik elanik, kes kirjeldas oma \u00fcllatust: \u00abKas keegi on veel leidnud mandariinide seest selliseid ussikesi? Umbes 10\u201315 mm pikad. Ise pole kunagi mandariine selliselt lahanud, et n\u00e4ha, mis seal sees on. T\u00e4na t\u00fctar avastas ning see pani m\u00f5tlema, kas ma julgen neid veel rahulikult s\u00fc\u00fca? Need mandariinid olid ostetud Vaksali Maximast, kuid v\u00f5imalik, et sama partii on ka mujal poodides.\u00bb<\/p>\n","protected":false},"excerpt":{"rendered":"Sotsiaalmeedias kogub t\u00e4helepanu Viljandis tehtud avastus, kus Maxima poest ostetud mandariini seest leiti v\u00e4ike valkjas ussike. Juhtumi jagas&hellip;\n","protected":false},"author":2,"featured_media":50155,"comment_status":"","ping_status":"","sticky":false,"template":"","format":"standard","meta":{"footnotes":"","_share_on_mastodon":"0"},"categories":[5],"tags":[26,27,37,33,35,34,36,31,32,21,25427,28,29,25429,25428,2973,19,25,25430,23,24,22,25426,20,30,986],"class_list":["post-50154","post","type-post","status-publish","format-standard","has-post-thumbnail","category-uldised-uudised","tag-breaking-news","tag-breakingnews","tag-ee","tag-eesti","tag-eesti-keel","tag-estonia","tag-estonian","tag-featured-news","tag-featurednews","tag-headlines","tag-klienditugi","tag-latest-news","tag-latestnews","tag-looduslikud-kahjustused","tag-mandariin","tag-maxima","tag-news","tag-populaarseimad-lood","tag-tiina-hiis","tag-top-stories","tag-topstories","tag-uldised-uudised","tag-ussike","tag-uudised","tag-viimased-uudised","tag-viljandi"],"share_on_mastodon":{"url":"https:\/\/pubeurope.com\/@ee\/115609648712323914","error":""},"_links":{"self":[{"href":"https:\/\/www.europesays.com\/ee\/wp-json\/wp\/v2\/posts\/50154","targetHints":{"allow":["GET"]}}],"collection":[{"href":"https:\/\/www.europesays.com\/ee\/wp-json\/wp\/v2\/posts"}],"about":[{"href":"https:\/\/www.europesays.com\/ee\/wp-json\/wp\/v2\/types\/post"}],"author":[{"embeddable":true,"href":"https:\/\/www.europesays.com\/ee\/wp-json\/wp\/v2\/users\/2"}],"replies":[{"embeddable":true,"href":"https:\/\/www.europesays.com\/ee\/wp-json\/wp\/v2\/comments?post=50154"}],"version-history":[{"count":0,"href":"https:\/\/www.europesays.com\/ee\/wp-json\/wp\/v2\/posts\/50154\/revisions"}],"wp:featuredmedia":[{"embeddable":true,"href":"https:\/\/www.europesays.com\/ee\/wp-json\/wp\/v2\/media\/50155"}],"wp:attachment":[{"href":"https:\/\/www.europesays.com\/ee\/wp-json\/wp\/v2\/media?parent=50154"}],"wp:term":[{"taxonomy":"category","embeddable":true,"href":"https:\/\/www.europesays.com\/ee\/wp-json\/wp\/v2\/categories?post=50154"},{"taxonomy":"post_tag","embeddable":true,"href":"https:\/\/www.europesays.com\/ee\/wp-json\/wp\/v2\/tags?post=50154"}],"curies":[{"name":"wp","href":"https:\/\/api.w.org\/{rel}","templated":true}]}}