{"id":50260,"date":"2025-11-25T11:31:08","date_gmt":"2025-11-25T11:31:08","guid":{"rendered":"https:\/\/www.europesays.com\/ee\/50260\/"},"modified":"2025-11-25T11:31:08","modified_gmt":"2025-11-25T11:31:08","slug":"ukraina-teatas-lennukiremonditehase-ja-naftaobjektide-tabamisest-venemaal","status":"publish","type":"post","link":"https:\/\/www.europesays.com\/ee\/50260\/","title":{"rendered":"Ukraina teatas lennukiremonditehase ja naftaobjektide tabamisest Venemaal"},"content":{"rendered":"<p>Operatsioonis osalesid raketi- ja suurt\u00fckiv\u00e4gede \u00fcksused koos erioperatsioonide j\u00f5udude, merev\u00e4e kaldaraketiv\u00e4gede ja piloodita s\u00fcsteemide j\u00f5ududega, vahendab Ukrajinska Pravda.<\/p>\n<p><a rel=\"noopener nofollow\" target=\"_blank\" href=\"https:\/\/www.delfi.ee\/teema\/56942582\/rostov\" tag-id=\"56942582\">Rostovi<\/a> oblastis <a rel=\"noopener nofollow\" target=\"_blank\" href=\"https:\/\/www.delfi.ee\/teema\/96285383\/taganrog\" tag-id=\"96285383\">Taganrogis<\/a> said pihta lennukiremonditehas TANTK im. G. M. Berijeva ja droone Molnija tootev ettev\u00f5te Antlant Aero.<\/p>\n<p>Toimus hulk plahvatusi ja puhkesid suured tulekahjud, \u00f6eldakse teates.<\/p>\n<p>L\u00f6\u00f6gis tehasele TANTK im. G. M. Berijeva sai ilmselt pihta eksperimentaallennuk A-60. Selles tehases remonditakse ja moderniseeritakse ka radarilennukeid <a rel=\"noopener nofollow\" target=\"_blank\" href=\"https:\/\/www.delfi.ee\/teema\/96869786\/a-50\" tag-id=\"96869786\">A-50<\/a> ja Venemaa strateegilisi pommitajaid <a rel=\"noopener nofollow\" target=\"_blank\" href=\"https:\/\/www.delfi.ee\/teema\/57608910\/tu-95\" tag-id=\"57608910\">Tu-95MS<\/a>.<\/p>\n<p>Veel andsid Ukraina kaitsej\u00f5ud <a rel=\"noopener nofollow\" target=\"_blank\" href=\"https:\/\/www.delfi.ee\/teema\/56815392\/krasnodar\" tag-id=\"56815392\">Krasnodari<\/a> krais l\u00f6\u00f6gi \u0160ehsarisi naftaterminalile <a rel=\"noopener nofollow\" target=\"_blank\" href=\"https:\/\/www.delfi.ee\/teema\/71332873\/novorossiisk\" tag-id=\"71332873\">Novorossiiskis<\/a> ja Tuapse naftat\u00f6\u00f6tlemistehasele.<\/p>\n<p>Esialgsetel andmetel said Novorossiiskis pihta naftatankerite laadimis- ja lossimisseadmed ning \u00f5hut\u00f5rjekompleksi S-400 stardiseadeldis.<\/p>\n<p>    Kuidas see lugu Sind end tundma pani?<br \/>\n        Saada<\/p>\n","protected":false},"excerpt":{"rendered":"Operatsioonis osalesid raketi- ja suurt\u00fckiv\u00e4gede \u00fcksused koos erioperatsioonide j\u00f5udude, merev\u00e4e kaldaraketiv\u00e4gede ja piloodita s\u00fcsteemide j\u00f5ududega, vahendab Ukrajinska Pravda.&hellip;\n","protected":false},"author":2,"featured_media":50261,"comment_status":"","ping_status":"","sticky":false,"template":"","format":"standard","meta":{"footnotes":"","_share_on_mastodon":"0"},"categories":[80],"tags":[25495,26,27,37,33,35,34,36,31,32,21,3851,28,29,95,19,3854,25,11035,107,25494,23,24,25493,262,22,20,96,30,92,93,94],"class_list":["post-50260","post","type-post","status-publish","format-standard","has-post-thumbnail","category-maailm","tag-a-50","tag-breaking-news","tag-breakingnews","tag-ee","tag-eesti","tag-eesti-keel","tag-estonia","tag-estonian","tag-featured-news","tag-featurednews","tag-headlines","tag-krasnodar","tag-latest-news","tag-latestnews","tag-maailm","tag-news","tag-novorossiisk","tag-populaarseimad-lood","tag-rostov","tag-soda-ukrainas","tag-taganrog","tag-top-stories","tag-topstories","tag-tu-95","tag-ukraina","tag-uldised-uudised","tag-uudised","tag-venemaa","tag-viimased-uudised","tag-world","tag-world-news","tag-worldnews"],"share_on_mastodon":{"url":"https:\/\/pubeurope.com\/@ee\/115610116790001038","error":""},"_links":{"self":[{"href":"https:\/\/www.europesays.com\/ee\/wp-json\/wp\/v2\/posts\/50260","targetHints":{"allow":["GET"]}}],"collection":[{"href":"https:\/\/www.europesays.com\/ee\/wp-json\/wp\/v2\/posts"}],"about":[{"href":"https:\/\/www.europesays.com\/ee\/wp-json\/wp\/v2\/types\/post"}],"author":[{"embeddable":true,"href":"https:\/\/www.europesays.com\/ee\/wp-json\/wp\/v2\/users\/2"}],"replies":[{"embeddable":true,"href":"https:\/\/www.europesays.com\/ee\/wp-json\/wp\/v2\/comments?post=50260"}],"version-history":[{"count":0,"href":"https:\/\/www.europesays.com\/ee\/wp-json\/wp\/v2\/posts\/50260\/revisions"}],"wp:featuredmedia":[{"embeddable":true,"href":"https:\/\/www.europesays.com\/ee\/wp-json\/wp\/v2\/media\/50261"}],"wp:attachment":[{"href":"https:\/\/www.europesays.com\/ee\/wp-json\/wp\/v2\/media?parent=50260"}],"wp:term":[{"taxonomy":"category","embeddable":true,"href":"https:\/\/www.europesays.com\/ee\/wp-json\/wp\/v2\/categories?post=50260"},{"taxonomy":"post_tag","embeddable":true,"href":"https:\/\/www.europesays.com\/ee\/wp-json\/wp\/v2\/tags?post=50260"}],"curies":[{"name":"wp","href":"https:\/\/api.w.org\/{rel}","templated":true}]}}