{"id":50272,"date":"2025-11-25T11:43:16","date_gmt":"2025-11-25T11:43:16","guid":{"rendered":"https:\/\/www.europesays.com\/ee\/50272\/"},"modified":"2025-11-25T11:43:16","modified_gmt":"2025-11-25T11:43:16","slug":"tammsaare-teel-on-ajutine-pudelikael","status":"publish","type":"post","link":"https:\/\/www.europesays.com\/ee\/50272\/","title":{"rendered":"Tammsaare teel on ajutine pudelikael"},"content":{"rendered":"<p>Seoses sademeveekaevu paigalduse ja torustiku ehitusega suletakse alates teisip\u00e4evast, 25. novembrist kuni laup\u00e4eva, 29. novembrini Tammsaare teel, Tondi t\u00e4nava ja N\u00f5mme tee vahelisel alal, kummaski s\u00f5idusuunas \u00fcks s\u00f5idurada. M\u00f5lemas suunas j\u00e4\u00e4vad liiklusele avatuks kaks s\u00f5idurada.<\/p>\n<p>Alates kolmap\u00e4eva, 26. novembri \u00f5htust kuni laup\u00e4eva, 29. novembri hommikuni on \u00f6\u00f6siti suunaga Mustam\u00e4e poole suletud kaks s\u00f5idurada ja avatud \u00fcks. P\u00e4evasel ajal on avatud kaks s\u00f5idurada. \u00dchistranspordi liiklust ei h\u00e4irita.<\/p>\n","protected":false},"excerpt":{"rendered":"Seoses sademeveekaevu paigalduse ja torustiku ehitusega suletakse alates teisip\u00e4evast, 25. novembrist kuni laup\u00e4eva, 29. novembrini Tammsaare teel, Tondi&hellip;\n","protected":false},"author":2,"featured_media":50273,"comment_status":"","ping_status":"","sticky":false,"template":"","format":"standard","meta":{"footnotes":""},"categories":[12],"tags":[26,27,37,33,35,34,36,31,32,21,1694,28,29,25499,19,25502,25,25503,10860,25501,25504,25505,23,24,22,25500,20,30],"class_list":{"0":"post-50272","1":"post","2":"type-post","3":"status-publish","4":"format-standard","5":"has-post-thumbnail","7":"category-eesti","8":"tag-breaking-news","9":"tag-breakingnews","10":"tag-ee","11":"tag-eesti","12":"tag-eesti-keel","13":"tag-estonia","14":"tag-estonian","15":"tag-featured-news","16":"tag-featurednews","17":"tag-headlines","18":"tag-laanemeri","19":"tag-latest-news","20":"tag-latestnews","21":"tag-looduspohised-lahendused","22":"tag-news","23":"tag-nomme-tee","24":"tag-populaarseimad-lood","25":"tag-saasteained","26":"tag-sademed","27":"tag-tammsaare-tee","28":"tag-tondi-tanav","29":"tag-tondimoisa-park","30":"tag-top-stories","31":"tag-topstories","32":"tag-uldised-uudised","33":"tag-uleujutuste-riskid","34":"tag-uudised","35":"tag-viimased-uudised"},"share_on_mastodon":{"url":"https:\/\/pubeurope.com\/@ee\/115610163866805341","error":""},"_links":{"self":[{"href":"https:\/\/www.europesays.com\/ee\/wp-json\/wp\/v2\/posts\/50272","targetHints":{"allow":["GET"]}}],"collection":[{"href":"https:\/\/www.europesays.com\/ee\/wp-json\/wp\/v2\/posts"}],"about":[{"href":"https:\/\/www.europesays.com\/ee\/wp-json\/wp\/v2\/types\/post"}],"author":[{"embeddable":true,"href":"https:\/\/www.europesays.com\/ee\/wp-json\/wp\/v2\/users\/2"}],"replies":[{"embeddable":true,"href":"https:\/\/www.europesays.com\/ee\/wp-json\/wp\/v2\/comments?post=50272"}],"version-history":[{"count":0,"href":"https:\/\/www.europesays.com\/ee\/wp-json\/wp\/v2\/posts\/50272\/revisions"}],"wp:featuredmedia":[{"embeddable":true,"href":"https:\/\/www.europesays.com\/ee\/wp-json\/wp\/v2\/media\/50273"}],"wp:attachment":[{"href":"https:\/\/www.europesays.com\/ee\/wp-json\/wp\/v2\/media?parent=50272"}],"wp:term":[{"taxonomy":"category","embeddable":true,"href":"https:\/\/www.europesays.com\/ee\/wp-json\/wp\/v2\/categories?post=50272"},{"taxonomy":"post_tag","embeddable":true,"href":"https:\/\/www.europesays.com\/ee\/wp-json\/wp\/v2\/tags?post=50272"}],"curies":[{"name":"wp","href":"https:\/\/api.w.org\/{rel}","templated":true}]}}