{"id":50297,"date":"2025-11-25T12:15:08","date_gmt":"2025-11-25T12:15:08","guid":{"rendered":"https:\/\/www.europesays.com\/ee\/50297\/"},"modified":"2025-11-25T12:15:08","modified_gmt":"2025-11-25T12:15:08","slug":"kuna-burkat-keelustada-ei-taheta-ilmus-austraallanna-protestiks-parlamenti-just-burkas","status":"publish","type":"post","link":"https:\/\/www.europesays.com\/ee\/50297\/","title":{"rendered":"Kuna burkat keelustada ei taheta, ilmus austraallanna protestiks parlamenti just burkas"},"content":{"rendered":"<p>T\u00e4nasel naistevastase v\u00e4givalla p\u00e4eval on paslik meenutada, et m\u00f5nes kultuuriruumis on naised \u00fcsnagi r\u00f5hutud seisundis. Fox Newsi <a href=\"https:\/\/www.foxnews.com\/world\/australian-senator-wears-burqa-after-move-block-her-face-covering-ban-bill?fbclid=IwY2xjawOSXj1leHRuA2FlbQIxMABicmlkETBCck9ybFdCcGhQaVRTU0ZIc3J0YwZhcHBfaWQQMjIyMDM5MTc4ODIwMDg5MgABHv9Ym3A54Zrg2uYBl6OYr9cs2bg3bRlma1J2fitdkATfl9-Y4FVHQbndr7en_aem_b9C44Wq5xUOc8abcoore3Q\" target=\"_blank\" rel=\"noopener nofollow\">uudist<\/a> vahendab ja kommenteerib EKRE poliitik Evelin Poolamets.<\/p>\n<p>\u201cAustraalia parlamendis puhkes esmasp\u00e4eval kaos p\u00e4rast seda, kui parempoolne senaator Pauline Hanson sisenes istungisaali burkat kandes. Tema tegu vallandas moslemitest parlamendiliikmete pahameele ning sundis senatijuhte istungi peatama.<\/p>\n<p>Hanson ilmus t\u00e4isn\u00e4okatet kandes vahetult p\u00e4rast seda, kui talle keelati esitleda eeln\u00f5ud, millega ta soovis burkad ja muud n\u00e4gu katvad r\u00f5ivad avalikus ruumis keelustada. See samm p\u00f5hjustas saalis valju protesti \u2013 senaatorid n\u00f5udsid, et ta katte eemaldaks. Kui Hanson keeldus, peatati istung.<\/p>\n<p>Pauline Hanson on aastak\u00fcmneid olnud Aasiast p\u00e4rit immigratsiooni vastane ning kritiseerinud Austraalia multikultuursust. Tema erakond One Nation omab praegu senatis nelja kohta p\u00e4rast seda, kui nad maikuiste valimiste j\u00e4rel kaks lisakohta juurde said, mis Reutersi hinnangul peegeldab kasvavat immigratsioonivastasust Austraalia \u00fchiskonnas.<\/p>\n<p>P\u00e4rast skandaali avaldas Hanson oma Facebooki lehel avalduse:<\/p>\n<p>\u201eT\u00e4na kandsin ma senatis burkat p\u00e4rast seda, kui One Nationi eeln\u00f5u burka ja muude n\u00e4okatete keelustamiseks blokeeriti juba enne selle esitamist. Tavap\u00e4rased silmakirjatsejad l\u00e4ksid t\u00e4ielikult endast v\u00e4lja. Fakt on see, et \u00fcle 20 riigi maailmas on burka keelanud, sest nad n\u00e4evad selles vahendit naiste r\u00f5humiseks, riikliku julgeoleku ohtu, radikaalse islami soodustajat ja \u00fchiskondliku sidususe l\u00f5hkujat. Kui need silmakirjatsejad ei taha, et ma burkat kannaksin, v\u00f5ivad nad alati minu keeldu toetada.\u201c<\/p>\n<p>Ta j\u00e4tkas: \u201eKui parlament seda ei keela, siis n\u00e4itan ma parlamendis seda r\u00f5huvat, radikaalset, mittereligioosset peakatet, mis ohustab meie julgeolekut ja naiste kohtlemist, et iga austraallane m\u00f5istaks, mis kaalul on. Kui nad ei taha, et ma seda kannan \u2014 keelake burka.\u201c<\/p>\n<p>Hanson t\u00f5i v\u00e4lja, et Prantsusmaa ja veel 21 riiki, sealhulgas Tuneesia, Tad\u017eikistan, T\u00fcrkmenistan ja Portugal, on burka juba keelustanud.<\/p>\n<p>Tema s\u00f5nul on talle keelatud esitada \u00fclemkojale erasaadikuna eeln\u00f5u, millega Austraalias burka keelustada. \u201eSellega on nad v\u00f5tnud Austraalia inimestelt \u00f5iguse oma arvamus v\u00e4lja \u00f6elda,\u201c m\u00e4rkis Hanson. \u201eSee on kamp silmakirjatsejaid, kes on v\u00f5tnud seisukoha ilma seda arutamata v\u00f5i h\u00e4\u00e4letusele panemata. See on riikliku julgeoleku k\u00fcsimus, see puudutab naiste \u00f5igusi ning paljusid naisi sunnitakse seda r\u00f5ivastust kandma.\u201c<\/p>\n<p>Senaator Pauline Hanson v\u00e4\u00e4rib tunnustust selle eest, et ta julges t\u00f5statada teema, mida paljud pelgavad. Burka, mis katab kogu n\u00e4o, tekitab reaalseid turvariske ja s\u00fcvendab naiste eraldatust \u00fchiskonnast. On igati p\u00f5hjendatud k\u00fcsida, kas demokraatlikus ja avatud \u00fchiskonnas peaks olema lubatud riietus, mis takistab isiku tuvastamist ja v\u00f5ib seada ohtu avaliku turvalisuse?<\/p>\n<p>J\u00f5udu ja jaksu senaator Pauline Hansonile selles v\u00f5itluses! Ka Eesti peaks keelustama burka kandmise avalikus ruumis. EKRE on korduvalt esitanud burka keelustamise eeln\u00f5u, kui liberaalid on selle maha h\u00e4\u00e4letanud. Burka alandab naisi ja massimmigratsioon ohustab naiste turvalisust.\u201d<\/p>\n","protected":false},"excerpt":{"rendered":"T\u00e4nasel naistevastase v\u00e4givalla p\u00e4eval on paslik meenutada, et m\u00f5nes kultuuriruumis on naised \u00fcsnagi r\u00f5hutud seisundis. Fox Newsi uudist&hellip;\n","protected":false},"author":2,"featured_media":50298,"comment_status":"","ping_status":"","sticky":false,"template":"","format":"standard","meta":{"footnotes":""},"categories":[80],"tags":[26,27,37,33,35,34,36,31,32,21,28,29,95,19,25,23,24,22,20,30,92,93,94],"class_list":{"0":"post-50297","1":"post","2":"type-post","3":"status-publish","4":"format-standard","5":"has-post-thumbnail","7":"category-maailm","8":"tag-breaking-news","9":"tag-breakingnews","10":"tag-ee","11":"tag-eesti","12":"tag-eesti-keel","13":"tag-estonia","14":"tag-estonian","15":"tag-featured-news","16":"tag-featurednews","17":"tag-headlines","18":"tag-latest-news","19":"tag-latestnews","20":"tag-maailm","21":"tag-news","22":"tag-populaarseimad-lood","23":"tag-top-stories","24":"tag-topstories","25":"tag-uldised-uudised","26":"tag-uudised","27":"tag-viimased-uudised","28":"tag-world","29":"tag-world-news","30":"tag-worldnews"},"share_on_mastodon":{"url":"https:\/\/pubeurope.com\/@ee\/115610289583782425","error":""},"_links":{"self":[{"href":"https:\/\/www.europesays.com\/ee\/wp-json\/wp\/v2\/posts\/50297","targetHints":{"allow":["GET"]}}],"collection":[{"href":"https:\/\/www.europesays.com\/ee\/wp-json\/wp\/v2\/posts"}],"about":[{"href":"https:\/\/www.europesays.com\/ee\/wp-json\/wp\/v2\/types\/post"}],"author":[{"embeddable":true,"href":"https:\/\/www.europesays.com\/ee\/wp-json\/wp\/v2\/users\/2"}],"replies":[{"embeddable":true,"href":"https:\/\/www.europesays.com\/ee\/wp-json\/wp\/v2\/comments?post=50297"}],"version-history":[{"count":0,"href":"https:\/\/www.europesays.com\/ee\/wp-json\/wp\/v2\/posts\/50297\/revisions"}],"wp:featuredmedia":[{"embeddable":true,"href":"https:\/\/www.europesays.com\/ee\/wp-json\/wp\/v2\/media\/50298"}],"wp:attachment":[{"href":"https:\/\/www.europesays.com\/ee\/wp-json\/wp\/v2\/media?parent=50297"}],"wp:term":[{"taxonomy":"category","embeddable":true,"href":"https:\/\/www.europesays.com\/ee\/wp-json\/wp\/v2\/categories?post=50297"},{"taxonomy":"post_tag","embeddable":true,"href":"https:\/\/www.europesays.com\/ee\/wp-json\/wp\/v2\/tags?post=50297"}],"curies":[{"name":"wp","href":"https:\/\/api.w.org\/{rel}","templated":true}]}}