{"id":50303,"date":"2025-11-25T12:24:08","date_gmt":"2025-11-25T12:24:08","guid":{"rendered":"https:\/\/www.europesays.com\/ee\/50303\/"},"modified":"2025-11-25T12:24:08","modified_gmt":"2025-11-25T12:24:08","slug":"eesti-keeles-ilmus-menukirjanik-valerie-perrini-uus-teos-minu-kallis-tadi-kirjandus","status":"publish","type":"post","link":"https:\/\/www.europesays.com\/ee\/50303\/","title":{"rendered":"Eesti keeles ilmus menukirjanik Valerie Perrini uus teos &#8220;Minu kallis t\u00e4di&#8221; | Kirjandus"},"content":{"rendered":"<p>Kirjastus T\u00e4nap\u00e4ev andis v\u00e4lja prantsuse kirjanik Val\u00e9rie Perrini uue romaani &#8220;Minu kallis t\u00e4di&#8221;. Varem on temalt eesti keeles ilmunud kolm romaani.<\/p>\n<p><img loading=\"lazy\" decoding=\"async\" src=\"https:\/\/www.europesays.com\/ee\/wp-content\/uploads\/2025\/11\/3102366hce4e.jpg\" alt=\"\" width=\"250\" height=\"373\" caption=\"false\"\/><\/p>\n<p>\u00dchel p\u00e4eval saab Agn\u00e8s telefonik\u00f5ne politseist: just leiti tema t\u00e4di Colette&#8217;i surnukeha. Agn\u00e8s on veendunud, et tegemist peab olema eksitusega, sest t\u00e4di Colette suri kolm aastat tagasi. Kuid surnukeha juurest on leitud Colette&#8217;i isikutunnistus koos Agn\u00e8si telefoninumbri ja temale adresseeritud viimaste soovidega.<\/p>\n<p>Agn\u00e9s naaseb oma lapsep\u00f5lvekoju, v\u00e4ikesesse Burgundia linna, et veidrasse olukorda selgust tuua. Kes too surnud naine tegelikult on? Ja kui ta on t\u00f5epoolest Colette, siis kes on maetud surnuaeda tema nimega hauda?<\/p>\n<p>Val\u00e9rie Perrin on \u00fcks viimaste aastate enim m\u00fc\u00fcdud ja t\u00f5lgitud prantsuse kirjanikke, kellelt on eesti keeles ilmunud romaanid &#8220;Lilledele v\u00e4rsket vett&#8221; (2022), &#8220;P\u00fchap\u00e4eva r\u00fcppe unustatud&#8221; (2023) ja &#8220;Kolm&#8221; (2024).<\/p>\n<p>&#8220;Minu kallis t\u00e4di&#8221; ilmus T\u00e4nap\u00e4eva &#8220;Punase raamatu&#8221; sarjas, teose t\u00f5lkis Reti Maria Malva.<\/p>\n","protected":false},"excerpt":{"rendered":"Kirjastus T\u00e4nap\u00e4ev andis v\u00e4lja prantsuse kirjanik Val\u00e9rie Perrini uue romaani &#8220;Minu kallis t\u00e4di&#8221;. Varem on temalt eesti keeles&hellip;\n","protected":false},"author":2,"featured_media":50304,"comment_status":"","ping_status":"","sticky":false,"template":"","format":"standard","meta":{"footnotes":""},"categories":[18],"tags":[37,33,35,34,36,178,25529,159,158,2242,25528],"class_list":{"0":"post-50303","1":"post","2":"type-post","3":"status-publish","4":"format-standard","5":"has-post-thumbnail","7":"category-sport","8":"tag-ee","9":"tag-eesti","10":"tag-eesti-keel","11":"tag-estonia","12":"tag-estonian","13":"tag-kirjandus","14":"tag-minu-kallis-tadi","15":"tag-sport","16":"tag-sports","17":"tag-tanapaev","18":"tag-valerie-perrin"},"share_on_mastodon":{"url":"https:\/\/pubeurope.com\/@ee\/115610325441091509","error":""},"_links":{"self":[{"href":"https:\/\/www.europesays.com\/ee\/wp-json\/wp\/v2\/posts\/50303","targetHints":{"allow":["GET"]}}],"collection":[{"href":"https:\/\/www.europesays.com\/ee\/wp-json\/wp\/v2\/posts"}],"about":[{"href":"https:\/\/www.europesays.com\/ee\/wp-json\/wp\/v2\/types\/post"}],"author":[{"embeddable":true,"href":"https:\/\/www.europesays.com\/ee\/wp-json\/wp\/v2\/users\/2"}],"replies":[{"embeddable":true,"href":"https:\/\/www.europesays.com\/ee\/wp-json\/wp\/v2\/comments?post=50303"}],"version-history":[{"count":0,"href":"https:\/\/www.europesays.com\/ee\/wp-json\/wp\/v2\/posts\/50303\/revisions"}],"wp:featuredmedia":[{"embeddable":true,"href":"https:\/\/www.europesays.com\/ee\/wp-json\/wp\/v2\/media\/50304"}],"wp:attachment":[{"href":"https:\/\/www.europesays.com\/ee\/wp-json\/wp\/v2\/media?parent=50303"}],"wp:term":[{"taxonomy":"category","embeddable":true,"href":"https:\/\/www.europesays.com\/ee\/wp-json\/wp\/v2\/categories?post=50303"},{"taxonomy":"post_tag","embeddable":true,"href":"https:\/\/www.europesays.com\/ee\/wp-json\/wp\/v2\/tags?post=50303"}],"curies":[{"name":"wp","href":"https:\/\/api.w.org\/{rel}","templated":true}]}}